{"id":2632,"date":"2018-09-15T09:40:16","date_gmt":"2018-09-15T12:40:16","guid":{"rendered":"https:\/\/blogs.correiobraziliense.com.br\/lianasabo\/?p=2632"},"modified":"2018-09-14T11:43:11","modified_gmt":"2018-09-14T14:43:11","slug":"ticiana-werner-abre-as-portas-dia-19-para-jantar-com-vinhos-espanhois","status":"publish","type":"post","link":"https:\/\/blogs.correiobraziliense.com.br\/lianasabo\/ticiana-werner-abre-as-portas-dia-19-para-jantar-com-vinhos-espanhois\/","title":{"rendered":"Ticiana Werner abre as portas dia 19 para jantar com vinhos espanh\u00f3is"},"content":{"rendered":"<p>Situada na costa do Rio Duero (Douro quando passa por territ\u00f3rio portugu\u00eas), na cidade de Villaba\u00f1ez, a Bodega Vizar enviou seus melhores r\u00f3tulos \u2013 do Verdejo ecol\u00f3gico ao Sirah; do Tempranillo a uma sele\u00e7\u00e3o especial \u2013 para o restaurante Ticiana Werner (201 Sul) que promover\u00e1 uma noite de degusta\u00e7\u00e3o dos vinhos espanh\u00f3is com refinado jantar por R$ 120.<\/p>\n<p>Importados pela Del Maipo os vinhos produzidos por Alberto Escribano ser\u00e3o apresentados na quarta-feira, 19 de setembro, \u00e0s 20 horas, pelo diretor da vin\u00edcola Pablo Miranda. Ser\u00e3o seis r\u00f3tulos que v\u00e3o harmonizar super bem com o buf\u00ea da casa que, nessa noite especial ter\u00e1 paella de frutos do mar, risoto de camar\u00e3o, risoto de alho-por\u00f3 com hiratake de salm\u00e3o, risotos de fil\u00e9, de charque com ab\u00f3bora e de funghi. Ainda faz parte do menu, sobremesa de creme br\u00fbl\u00e9e ou musse de chocolate. Reservas pelo telefone: 3226-9947.<\/p>\n","protected":false},"excerpt":{"rendered":"<p>Situada na costa do Rio Duero (Douro quando passa por territ\u00f3rio portugu\u00eas), na cidade de Villaba\u00f1ez, a Bodega Vizar enviou seus melhores r\u00f3tulos \u2013 do Verdejo ecol\u00f3gico ao Sirah; do Tempranillo a uma sele\u00e7\u00e3o especial \u2013 para o restaurante Ticiana Werner (201 Sul) que promover\u00e1 uma noite de degusta\u00e7\u00e3o dos vinhos espanh\u00f3is com refinado jantar por R$ 120. Importados pela [&hellip;]<\/p>\n","protected":false},"author":54,"featured_media":2633,"comment_status":"open","ping_status":"open","sticky":false,"template":"","format":"standard","meta":{"footnotes":""},"categories":[1],"tags":[],"class_list":["post-2632","post","type-post","status-publish","format-standard","has-post-thumbnail","hentry","category-sem-categoria"],"_links":{"self":[{"href":"https:\/\/blogs.correiobraziliense.com.br\/lianasabo\/wp-json\/wp\/v2\/posts\/2632","targetHints":{"allow":["GET"]}}],"collection":[{"href":"https:\/\/blogs.correiobraziliense.com.br\/lianasabo\/wp-json\/wp\/v2\/posts"}],"about":[{"href":"https:\/\/blogs.correiobraziliense.com.br\/lianasabo\/wp-json\/wp\/v2\/types\/post"}],"author":[{"embeddable":true,"href":"https:\/\/blogs.correiobraziliense.com.br\/lianasabo\/wp-json\/wp\/v2\/users\/54"}],"replies":[{"embeddable":true,"href":"https:\/\/blogs.correiobraziliense.com.br\/lianasabo\/wp-json\/wp\/v2\/comments?post=2632"}],"version-history":[{"count":1,"href":"https:\/\/blogs.correiobraziliense.com.br\/lianasabo\/wp-json\/wp\/v2\/posts\/2632\/revisions"}],"predecessor-version":[{"id":2634,"href":"https:\/\/blogs.correiobraziliense.com.br\/lianasabo\/wp-json\/wp\/v2\/posts\/2632\/revisions\/2634"}],"wp:featuredmedia":[{"embeddable":true,"href":"https:\/\/blogs.correiobraziliense.com.br\/lianasabo\/wp-json\/wp\/v2\/media\/2633"}],"wp:attachment":[{"href":"https:\/\/blogs.correiobraziliense.com.br\/lianasabo\/wp-json\/wp\/v2\/media?parent=2632"}],"wp:term":[{"taxonomy":"category","embeddable":true,"href":"https:\/\/blogs.correiobraziliense.com.br\/lianasabo\/wp-json\/wp\/v2\/categories?post=2632"},{"taxonomy":"post_tag","embeddable":true,"href":"https:\/\/blogs.correiobraziliense.com.br\/lianasabo\/wp-json\/wp\/v2\/tags?post=2632"}],"curies":[{"name":"wp","href":"https:\/\/api.w.org\/{rel}","templated":true}]}}