{"id":2611,"date":"2018-09-07T10:00:29","date_gmt":"2018-09-07T13:00:29","guid":{"rendered":"https:\/\/blogs.correiobraziliense.com.br\/lianasabo\/?p=2611"},"modified":"2018-09-06T13:45:26","modified_gmt":"2018-09-06T16:45:26","slug":"italia-e-georgia-vao-se-encontrar-em-piri","status":"publish","type":"post","link":"https:\/\/blogs.correiobraziliense.com.br\/lianasabo\/italia-e-georgia-vao-se-encontrar-em-piri\/","title":{"rendered":"It\u00e1lia e Ge\u00f3rgia v\u00e3o se encontrar em Piri"},"content":{"rendered":"<p>Dois pa\u00edses t\u00e3o diferentes entre si \u2014 um latino e mediterr\u00e2neo o outro eslavo do leste europeu \u2014 estar\u00e3o juntos de 13 a 16 de setembro, na nona edi\u00e7\u00e3o do Slow Filme de Piren\u00f3polis, evento que conjuga cinema e gastronomia n\u00e3o s\u00f3 na tela, mas tamb\u00e9m na mesa. Da It\u00e1lia, pa\u00eds homenageado, vir\u00e3o tr\u00eas filmes: Slow food story, que conta a hist\u00f3ria do movimento criado pelo jornalista Carlo Petrini; Sou eu que cozinho, uma viagem pelos sabores da cozinha tradicional napolitana apresentados por cinco importantes chefs, e Lorello e Brunello, acompanha um ano na vida de dois irm\u00e3os agricultores da Toscana mostrando as dificuldades provocadas por grandes corpora\u00e7\u00f5es no mercado de alimenta\u00e7\u00e3o.<br \/>\nJ\u00e1 a Ge\u00f3rgia, onde nasceu o vinho h\u00e1 mais de 8 mil anos, vai exibir em primeira m\u00e3o justamente um filme sobre a produ\u00e7\u00e3o da bebida intitulado Meridiano do vinho. Depois de cada sess\u00e3o, no Cine Pireneus, os espectadores v\u00e3o poder degustar vinhos georgianos e italianos oferecidos pelas embaixadas dos respectivos pa\u00edses.<\/p>\n<h2>Tem\u00e1tica feminina<\/h2>\n<p>Ao todo, s\u00e3o 11 longas-metragens, entre os quais A busca do chef Ducasse, que relata dois anos da vida do chef franc\u00eas detentor de tr\u00eas estrelas no Guia Michelin; Atum, farofa &amp; spaguetti, produ\u00e7\u00e3o brasileira que mostra a variedade da gastronomia nacional atrav\u00e9s da vida de tr\u00eas chefs.<br \/>\nTendo como tema a indaga\u00e7\u00e3o \u201ccozinha tem g\u00eanero?\u201d, o festival exibe ainda Soufra, coproduzido por Susan Sarandon e o governo liban\u00eas, sobre uma empresa de food truck que oferece comida tradicional num campo de refugiados de Beirute.<\/p>\n<figure id=\"attachment_2613\" aria-describedby=\"caption-attachment-2613\" style=\"width: 800px\" class=\"wp-caption aligncenter\"><a href=\"https:\/\/blogs.correiobraziliense.com.br\/lianasabo\/wp-content\/uploads\/sites\/25\/2018\/09\/CBPFOT210820180737.jpg\" rel=\"attachment wp-att-2613\"><img loading=\"lazy\" decoding=\"async\" class=\"size-full wp-image-2613\" src=\"https:\/\/blogs.correiobraziliense.com.br\/lianasabo\/wp-content\/uploads\/sites\/25\/2018\/09\/CBPFOT210820180737.jpg\" alt=\"Objeto Sim\/Divulga\u00e7\u00e3o. Cena do filme Soufra.\" width=\"800\" height=\"533\" srcset=\"https:\/\/blogs.correiobraziliense.com.br\/lianasabo\/wp-content\/uploads\/sites\/25\/2018\/09\/CBPFOT210820180737.jpg 800w, https:\/\/blogs.correiobraziliense.com.br\/lianasabo\/wp-content\/uploads\/sites\/25\/2018\/09\/CBPFOT210820180737-300x200.jpg 300w, https:\/\/blogs.correiobraziliense.com.br\/lianasabo\/wp-content\/uploads\/sites\/25\/2018\/09\/CBPFOT210820180737-768x512.jpg 768w, https:\/\/blogs.correiobraziliense.com.br\/lianasabo\/wp-content\/uploads\/sites\/25\/2018\/09\/CBPFOT210820180737-550x366.jpg 550w, https:\/\/blogs.correiobraziliense.com.br\/lianasabo\/wp-content\/uploads\/sites\/25\/2018\/09\/CBPFOT210820180737-230x153.jpg 230w\" sizes=\"auto, (max-width: 800px) 100vw, 800px\" \/><\/a><figcaption id=\"caption-attachment-2613\" class=\"wp-caption-text\">Objeto Sim\/Divulga\u00e7\u00e3o. Cena do filme Soufra.<\/figcaption><\/figure>\n<p>Como acontece todos os anos, a charmosa cidade recebe muitos turistas que lotam os restaurantes nos dias do evento. No Montserrat, o chef Juan Pratginest\u00f3s elaborou um menu especial, da Nonna. Consta de uma sopa fria de abobrinha (zuppa di zucchine fredda no detalhe); penne ao molho de tomate e lingui\u00e7a picante; e sorvete de goiabada e queijadinha, na sobremesa. Ser\u00e1 servido no domingo, dia 16, por R$ 65. Reservas pelo telefone: (62) 99688-2628.<\/p>\n","protected":false},"excerpt":{"rendered":"<p>Dois pa\u00edses t\u00e3o diferentes entre si \u2014 um latino e mediterr\u00e2neo o outro eslavo do leste europeu \u2014 estar\u00e3o juntos de 13 a 16 de setembro, na nona edi\u00e7\u00e3o do Slow Filme de Piren\u00f3polis, evento que conjuga cinema e gastronomia n\u00e3o s\u00f3 na tela, mas tamb\u00e9m na mesa. Da It\u00e1lia, pa\u00eds homenageado, vir\u00e3o tr\u00eas filmes: Slow food story, que conta [&hellip;]<\/p>\n","protected":false},"author":54,"featured_media":2612,"comment_status":"open","ping_status":"open","sticky":false,"template":"","format":"standard","meta":{"footnotes":""},"categories":[1],"tags":[],"class_list":["post-2611","post","type-post","status-publish","format-standard","has-post-thumbnail","hentry","category-sem-categoria"],"_links":{"self":[{"href":"https:\/\/blogs.correiobraziliense.com.br\/lianasabo\/wp-json\/wp\/v2\/posts\/2611","targetHints":{"allow":["GET"]}}],"collection":[{"href":"https:\/\/blogs.correiobraziliense.com.br\/lianasabo\/wp-json\/wp\/v2\/posts"}],"about":[{"href":"https:\/\/blogs.correiobraziliense.com.br\/lianasabo\/wp-json\/wp\/v2\/types\/post"}],"author":[{"embeddable":true,"href":"https:\/\/blogs.correiobraziliense.com.br\/lianasabo\/wp-json\/wp\/v2\/users\/54"}],"replies":[{"embeddable":true,"href":"https:\/\/blogs.correiobraziliense.com.br\/lianasabo\/wp-json\/wp\/v2\/comments?post=2611"}],"version-history":[{"count":1,"href":"https:\/\/blogs.correiobraziliense.com.br\/lianasabo\/wp-json\/wp\/v2\/posts\/2611\/revisions"}],"predecessor-version":[{"id":2614,"href":"https:\/\/blogs.correiobraziliense.com.br\/lianasabo\/wp-json\/wp\/v2\/posts\/2611\/revisions\/2614"}],"wp:featuredmedia":[{"embeddable":true,"href":"https:\/\/blogs.correiobraziliense.com.br\/lianasabo\/wp-json\/wp\/v2\/media\/2612"}],"wp:attachment":[{"href":"https:\/\/blogs.correiobraziliense.com.br\/lianasabo\/wp-json\/wp\/v2\/media?parent=2611"}],"wp:term":[{"taxonomy":"category","embeddable":true,"href":"https:\/\/blogs.correiobraziliense.com.br\/lianasabo\/wp-json\/wp\/v2\/categories?post=2611"},{"taxonomy":"post_tag","embeddable":true,"href":"https:\/\/blogs.correiobraziliense.com.br\/lianasabo\/wp-json\/wp\/v2\/tags?post=2611"}],"curies":[{"name":"wp","href":"https:\/\/api.w.org\/{rel}","templated":true}]}}