{"id":2585,"date":"2018-08-24T11:00:04","date_gmt":"2018-08-24T14:00:04","guid":{"rendered":"https:\/\/blogs.correiobraziliense.com.br\/lianasabo\/?p=2585"},"modified":"2018-08-23T15:04:26","modified_gmt":"2018-08-23T18:04:26","slug":"miolo-lanca-rotulo-com-degustacao-no-dom-francisco","status":"publish","type":"post","link":"https:\/\/blogs.correiobraziliense.com.br\/lianasabo\/miolo-lanca-rotulo-com-degustacao-no-dom-francisco\/","title":{"rendered":"Miolo lan\u00e7a r\u00f3tulo com degusta\u00e7\u00e3o no Dom Francisco"},"content":{"rendered":"<p>Continua a todo o vapor a temporada de vinho na cidade, que traz agora outro gigante da vitivinicultura ga\u00facha, o en\u00f3logo Adriano Miolo, superintendente da vin\u00edcola Miolo, nascida como empresa familiar e que atualmente conta com vinhedos pr\u00f3prios em Vale dos Vinhedos, Campanha Meridional, Campanha Central, no Rio Grande do Sul, e Vale do S\u00e3o Francisco, na Bahia.<\/p>\n<p>Ele estar\u00e1 em 5 de setembro no Dom Francisco, da Asbac, para lan\u00e7ar um vinho de um \u00fanico vinhedo, por isso se chama Single Vineyard, que para o en\u00f3logo \u00e9 \u201conde se encontra a m\u00e1xima express\u00e3o do terroir\u201d.<\/p>\n<p>Faz parte da nova linha o Riesling Johannisberg 2018, que acompanha salada de bacalhau; Pinot Noir 2017, servido com ragu de pato com polenta; o Sirah 2017 harmonizando um ac\u00e9m de Black Angus escoltado de arroz com br\u00f3colis e o Touriga Nacional 2017 acompanhando picanha com farofa.<\/p>\n<p>O \u00faltimo prato \u2014 fil\u00e9 de cordeiro com batata saut\u00e9 \u2014 vir\u00e1 com o Testardi Sirah 2016. Termina com Miolo Late Harvest na sobremesa de torta de castanha do Brasil. Tudo por R$ 165. Reservas pelo telefone: 3226-2005.<\/p>\n","protected":false},"excerpt":{"rendered":"<p>Continua a todo o vapor a temporada de vinho na cidade, que traz agora outro gigante da vitivinicultura ga\u00facha, o en\u00f3logo Adriano Miolo, superintendente da vin\u00edcola Miolo, nascida como empresa familiar e que atualmente conta com vinhedos pr\u00f3prios em Vale dos Vinhedos, Campanha Meridional, Campanha Central, no Rio Grande do Sul, e Vale do S\u00e3o Francisco, na Bahia. Ele estar\u00e1 [&hellip;]<\/p>\n","protected":false},"author":54,"featured_media":2586,"comment_status":"open","ping_status":"open","sticky":false,"template":"","format":"standard","meta":{"footnotes":""},"categories":[1],"tags":[],"class_list":["post-2585","post","type-post","status-publish","format-standard","has-post-thumbnail","hentry","category-sem-categoria"],"_links":{"self":[{"href":"https:\/\/blogs.correiobraziliense.com.br\/lianasabo\/wp-json\/wp\/v2\/posts\/2585","targetHints":{"allow":["GET"]}}],"collection":[{"href":"https:\/\/blogs.correiobraziliense.com.br\/lianasabo\/wp-json\/wp\/v2\/posts"}],"about":[{"href":"https:\/\/blogs.correiobraziliense.com.br\/lianasabo\/wp-json\/wp\/v2\/types\/post"}],"author":[{"embeddable":true,"href":"https:\/\/blogs.correiobraziliense.com.br\/lianasabo\/wp-json\/wp\/v2\/users\/54"}],"replies":[{"embeddable":true,"href":"https:\/\/blogs.correiobraziliense.com.br\/lianasabo\/wp-json\/wp\/v2\/comments?post=2585"}],"version-history":[{"count":1,"href":"https:\/\/blogs.correiobraziliense.com.br\/lianasabo\/wp-json\/wp\/v2\/posts\/2585\/revisions"}],"predecessor-version":[{"id":2587,"href":"https:\/\/blogs.correiobraziliense.com.br\/lianasabo\/wp-json\/wp\/v2\/posts\/2585\/revisions\/2587"}],"wp:featuredmedia":[{"embeddable":true,"href":"https:\/\/blogs.correiobraziliense.com.br\/lianasabo\/wp-json\/wp\/v2\/media\/2586"}],"wp:attachment":[{"href":"https:\/\/blogs.correiobraziliense.com.br\/lianasabo\/wp-json\/wp\/v2\/media?parent=2585"}],"wp:term":[{"taxonomy":"category","embeddable":true,"href":"https:\/\/blogs.correiobraziliense.com.br\/lianasabo\/wp-json\/wp\/v2\/categories?post=2585"},{"taxonomy":"post_tag","embeddable":true,"href":"https:\/\/blogs.correiobraziliense.com.br\/lianasabo\/wp-json\/wp\/v2\/tags?post=2585"}],"curies":[{"name":"wp","href":"https:\/\/api.w.org\/{rel}","templated":true}]}}