{"id":2572,"date":"2018-08-17T09:38:18","date_gmt":"2018-08-17T12:38:18","guid":{"rendered":"https:\/\/blogs.correiobraziliense.com.br\/lianasabo\/?p=2572"},"modified":"2018-08-16T17:44:19","modified_gmt":"2018-08-16T20:44:19","slug":"panighiri-tradicional-festa-grega-chega-4a-edicao","status":"publish","type":"post","link":"https:\/\/blogs.correiobraziliense.com.br\/lianasabo\/panighiri-tradicional-festa-grega-chega-4a-edicao\/","title":{"rendered":"Panighiri, tradicional festa grega, chega \u00e0 4\u00aa edi\u00e7\u00e3o"},"content":{"rendered":"<p>Pelo quarto ano, a comunidade grega de Bras\u00edlia realiza sexta e s\u00e1bado a sua festa tradicional intitulada Panighiri, na qual o destaque s\u00e3o as comidas t\u00edpicas, como tzatziki (creme refrescante de iogurte e pepino com alho, endro e azeite); pastitsio (massa de forno recheada com carne e molho branco); keftedes (alm\u00f4ndegas de carne temperadas com cebola, alho, canela hortel\u00e3 e or\u00e9gano), al\u00e9m do cl\u00e1ssico e moussak\u00e1 e outras iguarias. Bebidas e doces tamb\u00e9m t\u00eam o sabor original da Gr\u00e9cia, enquanto bandas e dan\u00e7as folcl\u00f3ricas animam os presentes. Os ingressos j\u00e1 est\u00e3o sendo vendidos. Reserve pelos telefones 99986-7427 ou 98406-9378. E-mail:comunidadegrega@terra.com.br.<\/p>\n<p><a href=\"https:\/\/blogs.correiobraziliense.com.br\/lianasabo\/wp-content\/uploads\/sites\/25\/2018\/08\/grecia.jpg\" rel=\"attachment wp-att-2574\"><img loading=\"lazy\" decoding=\"async\" class=\"aligncenter size-large wp-image-2574\" src=\"https:\/\/blogs.correiobraziliense.com.br\/lianasabo\/wp-content\/uploads\/sites\/25\/2018\/08\/grecia-1024x555.jpg\" alt=\"grecia\" width=\"1024\" height=\"555\" srcset=\"https:\/\/blogs.correiobraziliense.com.br\/lianasabo\/wp-content\/uploads\/sites\/25\/2018\/08\/grecia-1024x555.jpg 1024w, https:\/\/blogs.correiobraziliense.com.br\/lianasabo\/wp-content\/uploads\/sites\/25\/2018\/08\/grecia-300x163.jpg 300w, https:\/\/blogs.correiobraziliense.com.br\/lianasabo\/wp-content\/uploads\/sites\/25\/2018\/08\/grecia-768x416.jpg 768w, https:\/\/blogs.correiobraziliense.com.br\/lianasabo\/wp-content\/uploads\/sites\/25\/2018\/08\/grecia-550x298.jpg 550w, https:\/\/blogs.correiobraziliense.com.br\/lianasabo\/wp-content\/uploads\/sites\/25\/2018\/08\/grecia-230x125.jpg 230w, https:\/\/blogs.correiobraziliense.com.br\/lianasabo\/wp-content\/uploads\/sites\/25\/2018\/08\/grecia.jpg 1200w\" sizes=\"auto, (max-width: 1024px) 100vw, 1024px\" \/><\/a><\/p>\n","protected":false},"excerpt":{"rendered":"<p>Pelo quarto ano, a comunidade grega de Bras\u00edlia realiza sexta e s\u00e1bado a sua festa tradicional intitulada Panighiri, na qual o destaque s\u00e3o as comidas t\u00edpicas, como tzatziki (creme refrescante de iogurte e pepino com alho, endro e azeite); pastitsio (massa de forno recheada com carne e molho branco); keftedes (alm\u00f4ndegas de carne temperadas com cebola, alho, canela hortel\u00e3 e [&hellip;]<\/p>\n","protected":false},"author":54,"featured_media":2573,"comment_status":"open","ping_status":"open","sticky":false,"template":"","format":"standard","meta":{"footnotes":""},"categories":[1],"tags":[],"class_list":["post-2572","post","type-post","status-publish","format-standard","has-post-thumbnail","hentry","category-sem-categoria"],"_links":{"self":[{"href":"https:\/\/blogs.correiobraziliense.com.br\/lianasabo\/wp-json\/wp\/v2\/posts\/2572","targetHints":{"allow":["GET"]}}],"collection":[{"href":"https:\/\/blogs.correiobraziliense.com.br\/lianasabo\/wp-json\/wp\/v2\/posts"}],"about":[{"href":"https:\/\/blogs.correiobraziliense.com.br\/lianasabo\/wp-json\/wp\/v2\/types\/post"}],"author":[{"embeddable":true,"href":"https:\/\/blogs.correiobraziliense.com.br\/lianasabo\/wp-json\/wp\/v2\/users\/54"}],"replies":[{"embeddable":true,"href":"https:\/\/blogs.correiobraziliense.com.br\/lianasabo\/wp-json\/wp\/v2\/comments?post=2572"}],"version-history":[{"count":1,"href":"https:\/\/blogs.correiobraziliense.com.br\/lianasabo\/wp-json\/wp\/v2\/posts\/2572\/revisions"}],"predecessor-version":[{"id":2575,"href":"https:\/\/blogs.correiobraziliense.com.br\/lianasabo\/wp-json\/wp\/v2\/posts\/2572\/revisions\/2575"}],"wp:featuredmedia":[{"embeddable":true,"href":"https:\/\/blogs.correiobraziliense.com.br\/lianasabo\/wp-json\/wp\/v2\/media\/2573"}],"wp:attachment":[{"href":"https:\/\/blogs.correiobraziliense.com.br\/lianasabo\/wp-json\/wp\/v2\/media?parent=2572"}],"wp:term":[{"taxonomy":"category","embeddable":true,"href":"https:\/\/blogs.correiobraziliense.com.br\/lianasabo\/wp-json\/wp\/v2\/categories?post=2572"},{"taxonomy":"post_tag","embeddable":true,"href":"https:\/\/blogs.correiobraziliense.com.br\/lianasabo\/wp-json\/wp\/v2\/tags?post=2572"}],"curies":[{"name":"wp","href":"https:\/\/api.w.org\/{rel}","templated":true}]}}