{"id":2569,"date":"2018-08-16T17:36:54","date_gmt":"2018-08-16T20:36:54","guid":{"rendered":"https:\/\/blogs.correiobraziliense.com.br\/lianasabo\/?p=2569"},"modified":"2018-08-16T17:36:54","modified_gmt":"2018-08-16T20:36:54","slug":"gregoire-gaumont-comanda-jantar-demonstrativo-na-blumenau","status":"publish","type":"post","link":"https:\/\/blogs.correiobraziliense.com.br\/lianasabo\/gregoire-gaumont-comanda-jantar-demonstrativo-na-blumenau\/","title":{"rendered":"Gregoire Gaumont comanda jantar demonstrativo na Blumenau"},"content":{"rendered":"<p>O chef e en\u00f3logo franc\u00eas Gregoire Gaumont, propriet\u00e1rio do Buffet de Paris, alugou a cozinha gourmet da loja Blumenau (302 Sul Bloco E) para nela pilotar nessa quinta-feira o que chamou de jantar demonstrativo harmonizado. Voc\u00ea poder\u00e1 ver o chef preparando a comida em tr\u00eas etapas tendo como tema o fil\u00e9. Tartar de fil\u00e9-mignon com saladinha de verde e molho de mostarda Dijon na entrada com Pinot Noir chileno; tournedor acompanhado de tr\u00eas molhos (gorgonzola, b\u00e9arnaise e vinho tinto) servidos no ramequim com Cabernet Sauvigon Gran Reserva, no principal; e mangas maduras filetadas com sabayon quente, regadas ao espumante moscatel brasileiro. Por R$ 129. Reservas: 98111-1007 ou contato@gregoire.com.br<\/p>\n","protected":false},"excerpt":{"rendered":"<p>O chef e en\u00f3logo franc\u00eas Gregoire Gaumont, propriet\u00e1rio do Buffet de Paris, alugou a cozinha gourmet da loja Blumenau (302 Sul Bloco E) para nela pilotar nessa quinta-feira o que chamou de jantar demonstrativo harmonizado. Voc\u00ea poder\u00e1 ver o chef preparando a comida em tr\u00eas etapas tendo como tema o fil\u00e9. Tartar de fil\u00e9-mignon com saladinha de verde e molho [&hellip;]<\/p>\n","protected":false},"author":54,"featured_media":2570,"comment_status":"open","ping_status":"open","sticky":false,"template":"","format":"standard","meta":{"footnotes":""},"categories":[1],"tags":[],"class_list":["post-2569","post","type-post","status-publish","format-standard","has-post-thumbnail","hentry","category-sem-categoria"],"_links":{"self":[{"href":"https:\/\/blogs.correiobraziliense.com.br\/lianasabo\/wp-json\/wp\/v2\/posts\/2569","targetHints":{"allow":["GET"]}}],"collection":[{"href":"https:\/\/blogs.correiobraziliense.com.br\/lianasabo\/wp-json\/wp\/v2\/posts"}],"about":[{"href":"https:\/\/blogs.correiobraziliense.com.br\/lianasabo\/wp-json\/wp\/v2\/types\/post"}],"author":[{"embeddable":true,"href":"https:\/\/blogs.correiobraziliense.com.br\/lianasabo\/wp-json\/wp\/v2\/users\/54"}],"replies":[{"embeddable":true,"href":"https:\/\/blogs.correiobraziliense.com.br\/lianasabo\/wp-json\/wp\/v2\/comments?post=2569"}],"version-history":[{"count":1,"href":"https:\/\/blogs.correiobraziliense.com.br\/lianasabo\/wp-json\/wp\/v2\/posts\/2569\/revisions"}],"predecessor-version":[{"id":2571,"href":"https:\/\/blogs.correiobraziliense.com.br\/lianasabo\/wp-json\/wp\/v2\/posts\/2569\/revisions\/2571"}],"wp:featuredmedia":[{"embeddable":true,"href":"https:\/\/blogs.correiobraziliense.com.br\/lianasabo\/wp-json\/wp\/v2\/media\/2570"}],"wp:attachment":[{"href":"https:\/\/blogs.correiobraziliense.com.br\/lianasabo\/wp-json\/wp\/v2\/media?parent=2569"}],"wp:term":[{"taxonomy":"category","embeddable":true,"href":"https:\/\/blogs.correiobraziliense.com.br\/lianasabo\/wp-json\/wp\/v2\/categories?post=2569"},{"taxonomy":"post_tag","embeddable":true,"href":"https:\/\/blogs.correiobraziliense.com.br\/lianasabo\/wp-json\/wp\/v2\/tags?post=2569"}],"curies":[{"name":"wp","href":"https:\/\/api.w.org\/{rel}","templated":true}]}}