{"id":2556,"date":"2018-08-17T11:00:46","date_gmt":"2018-08-17T14:00:46","guid":{"rendered":"https:\/\/blogs.correiobraziliense.com.br\/lianasabo\/?p=2556"},"modified":"2018-08-16T17:23:46","modified_gmt":"2018-08-16T20:23:46","slug":"bufe-com-jazz-no-b-hotel-brasilia","status":"publish","type":"post","link":"https:\/\/blogs.correiobraziliense.com.br\/lianasabo\/bufe-com-jazz-no-b-hotel-brasilia\/","title":{"rendered":"Buf\u00ea com jazz no B Hotel Bras\u00edlia"},"content":{"rendered":"<p>O B Hotel Bras\u00edlia, que vem se consolidando como polo gastron\u00f4mico ao trazer chefs premiados estrangeiros e brasileiros para exercitar as ca\u00e7arolas, acaba de dar um up no almo\u00e7o de sexta-feira. Al\u00e9m do delicioso buf\u00ea frio de saladas, queijos e pescados, mais tr\u00eas op\u00e7\u00f5es de prato e uma sobremesa (R$ 75), o cliente poder\u00e1 curtir o som de um trio de jazz ao vivo. No rec\u00e9m-chegado piano de cauda, Flavio Silva; na bateria, Celio Maciel, e no contrabaixo, Daniel Castro. Eles tocam juntos h\u00e1 muitos anos e, desde o come\u00e7o do m\u00eas, animam o jantar de quarta-feira, a partir das 19h, e o almo\u00e7o de sexta, onde o som pode ir at\u00e9 as 16h. Reservas: 3962-2000.<\/p>\n","protected":false},"excerpt":{"rendered":"<p>O B Hotel Bras\u00edlia, que vem se consolidando como polo gastron\u00f4mico ao trazer chefs premiados estrangeiros e brasileiros para exercitar as ca\u00e7arolas, acaba de dar um up no almo\u00e7o de sexta-feira. Al\u00e9m do delicioso buf\u00ea frio de saladas, queijos e pescados, mais tr\u00eas op\u00e7\u00f5es de prato e uma sobremesa (R$ 75), o cliente poder\u00e1 curtir o som de um trio [&hellip;]<\/p>\n","protected":false},"author":54,"featured_media":2557,"comment_status":"open","ping_status":"open","sticky":false,"template":"","format":"standard","meta":{"footnotes":""},"categories":[1],"tags":[],"class_list":["post-2556","post","type-post","status-publish","format-standard","has-post-thumbnail","hentry","category-sem-categoria"],"_links":{"self":[{"href":"https:\/\/blogs.correiobraziliense.com.br\/lianasabo\/wp-json\/wp\/v2\/posts\/2556","targetHints":{"allow":["GET"]}}],"collection":[{"href":"https:\/\/blogs.correiobraziliense.com.br\/lianasabo\/wp-json\/wp\/v2\/posts"}],"about":[{"href":"https:\/\/blogs.correiobraziliense.com.br\/lianasabo\/wp-json\/wp\/v2\/types\/post"}],"author":[{"embeddable":true,"href":"https:\/\/blogs.correiobraziliense.com.br\/lianasabo\/wp-json\/wp\/v2\/users\/54"}],"replies":[{"embeddable":true,"href":"https:\/\/blogs.correiobraziliense.com.br\/lianasabo\/wp-json\/wp\/v2\/comments?post=2556"}],"version-history":[{"count":1,"href":"https:\/\/blogs.correiobraziliense.com.br\/lianasabo\/wp-json\/wp\/v2\/posts\/2556\/revisions"}],"predecessor-version":[{"id":2558,"href":"https:\/\/blogs.correiobraziliense.com.br\/lianasabo\/wp-json\/wp\/v2\/posts\/2556\/revisions\/2558"}],"wp:featuredmedia":[{"embeddable":true,"href":"https:\/\/blogs.correiobraziliense.com.br\/lianasabo\/wp-json\/wp\/v2\/media\/2557"}],"wp:attachment":[{"href":"https:\/\/blogs.correiobraziliense.com.br\/lianasabo\/wp-json\/wp\/v2\/media?parent=2556"}],"wp:term":[{"taxonomy":"category","embeddable":true,"href":"https:\/\/blogs.correiobraziliense.com.br\/lianasabo\/wp-json\/wp\/v2\/categories?post=2556"},{"taxonomy":"post_tag","embeddable":true,"href":"https:\/\/blogs.correiobraziliense.com.br\/lianasabo\/wp-json\/wp\/v2\/tags?post=2556"}],"curies":[{"name":"wp","href":"https:\/\/api.w.org\/{rel}","templated":true}]}}