{"id":2541,"date":"2018-08-11T16:28:24","date_gmt":"2018-08-11T19:28:24","guid":{"rendered":"https:\/\/blogs.correiobraziliense.com.br\/lianasabo\/?p=2541"},"modified":"2018-08-09T16:30:49","modified_gmt":"2018-08-09T19:30:49","slug":"confira-novidades-na-gastronomia-da-cidade-o-que-abiu-o-que-fechou","status":"publish","type":"post","link":"https:\/\/blogs.correiobraziliense.com.br\/lianasabo\/confira-novidades-na-gastronomia-da-cidade-o-que-abiu-o-que-fechou\/","title":{"rendered":"Confira novidades na gastronomia da cidade. O que abiu? O que fechou?"},"content":{"rendered":"<h3>Abriu\u2026<\/h3>\n<p>Na 103 Sul, loja 36 do Bloco B, a Decanter Bras\u00edlia, transferida da 208 Sul para um espa\u00e7o menor, aconchegante e \u201cmais adequado com a economia dos novos tempos\u201d, diz o gerente Nadson Sato (foto), que quer promover happy hours servindo os seus mais de 800 r\u00f3tulos em parceria com queijos artesanais brasileiros, cujo primeiro bar, o Teta Cheese, \u00e9 vizinho. Funciona de segunda a sexta, das 9h \u00e0s 20h, e s\u00e1bado, das 9h \u00e0s 16h. Telefone: 3349-1943.<br \/>\nNa 206 Sul, na primeira loja do Bloco A, Eskina Bar, oferece \u201ccomida de bar mais requintada na faixa de at\u00e9 R$ 30\u201d no dizer de Luiz Ros, um dos cinco s\u00f3cios do estabelecimento que abre para almo\u00e7o \u00e0s 12h e vai at\u00e9 a 1h, todos os dias, com um card\u00e1pio elaborado pelo chef Paulo Tarso, com foco em carnes grelhadas na parrilla. Telefone: 3543-0302.<\/p>\n<h3>Fechou\u2026<\/h3>\n<p>No Bloco B da 104 Sul o DNA Natural, depois de cinco anos de funcionamento. \u201cO contrato venceu e eu n\u00e3o quis renovar\u201d, explica Thiago Silva, que vai passar a loja para o novo franqueado da marca catarinense de baixas calorias. A reabertura poder\u00e1 ocorrer em breve.<\/p>\n<h3>Lan\u00e7ou\u2026<\/h3>\n<p>Bolinhas de chocolate com recheio em tr\u00eas vers\u00f5es: licor de framboesa, conhaque e aguardente em comemora\u00e7\u00e3o aos 90 anos da Kopenhagen. Vem numa caixa (140g) por R$ 35,90. Presente ideal para o Dia dos Pais!<br \/>\nSaqu\u00ea seco, agora com teor alco\u00f3lico de 14%, e engarrafado na vers\u00e3o de 600ml e 5l pela Azuma Kirin.<br \/>\nNas vers\u00f5es caramelo, chocolate com menta e chocolate trufado v\u00eam c\u00e1psulas aromatizadas da grife Baggio Caf\u00e9 por R$ 18,90 a caixa de 10 unidades. Dispon\u00edvel no site www.baggiocafe.com.br.11<\/p>\n","protected":false},"excerpt":{"rendered":"<p>Abriu\u2026 Na 103 Sul, loja 36 do Bloco B, a Decanter Bras\u00edlia, transferida da 208 Sul para um espa\u00e7o menor, aconchegante e \u201cmais adequado com a economia dos novos tempos\u201d, diz o gerente Nadson Sato (foto), que quer promover happy hours servindo os seus mais de 800 r\u00f3tulos em parceria com queijos artesanais brasileiros, cujo primeiro bar, o Teta Cheese, [&hellip;]<\/p>\n","protected":false},"author":54,"featured_media":2542,"comment_status":"open","ping_status":"open","sticky":false,"template":"","format":"standard","meta":{"footnotes":""},"categories":[1],"tags":[],"class_list":["post-2541","post","type-post","status-publish","format-standard","has-post-thumbnail","hentry","category-sem-categoria"],"_links":{"self":[{"href":"https:\/\/blogs.correiobraziliense.com.br\/lianasabo\/wp-json\/wp\/v2\/posts\/2541","targetHints":{"allow":["GET"]}}],"collection":[{"href":"https:\/\/blogs.correiobraziliense.com.br\/lianasabo\/wp-json\/wp\/v2\/posts"}],"about":[{"href":"https:\/\/blogs.correiobraziliense.com.br\/lianasabo\/wp-json\/wp\/v2\/types\/post"}],"author":[{"embeddable":true,"href":"https:\/\/blogs.correiobraziliense.com.br\/lianasabo\/wp-json\/wp\/v2\/users\/54"}],"replies":[{"embeddable":true,"href":"https:\/\/blogs.correiobraziliense.com.br\/lianasabo\/wp-json\/wp\/v2\/comments?post=2541"}],"version-history":[{"count":1,"href":"https:\/\/blogs.correiobraziliense.com.br\/lianasabo\/wp-json\/wp\/v2\/posts\/2541\/revisions"}],"predecessor-version":[{"id":2543,"href":"https:\/\/blogs.correiobraziliense.com.br\/lianasabo\/wp-json\/wp\/v2\/posts\/2541\/revisions\/2543"}],"wp:featuredmedia":[{"embeddable":true,"href":"https:\/\/blogs.correiobraziliense.com.br\/lianasabo\/wp-json\/wp\/v2\/media\/2542"}],"wp:attachment":[{"href":"https:\/\/blogs.correiobraziliense.com.br\/lianasabo\/wp-json\/wp\/v2\/media?parent=2541"}],"wp:term":[{"taxonomy":"category","embeddable":true,"href":"https:\/\/blogs.correiobraziliense.com.br\/lianasabo\/wp-json\/wp\/v2\/categories?post=2541"},{"taxonomy":"post_tag","embeddable":true,"href":"https:\/\/blogs.correiobraziliense.com.br\/lianasabo\/wp-json\/wp\/v2\/tags?post=2541"}],"curies":[{"name":"wp","href":"https:\/\/api.w.org\/{rel}","templated":true}]}}