{"id":2523,"date":"2018-08-08T19:13:41","date_gmt":"2018-08-08T22:13:41","guid":{"rendered":"https:\/\/blogs.correiobraziliense.com.br\/lianasabo\/?p=2523"},"modified":"2018-08-08T19:14:19","modified_gmt":"2018-08-08T22:14:19","slug":"b-hotel-brasilia-promove-dois-jantares-com-chefs-franceses-premiados","status":"publish","type":"post","link":"https:\/\/blogs.correiobraziliense.com.br\/lianasabo\/b-hotel-brasilia-promove-dois-jantares-com-chefs-franceses-premiados\/","title":{"rendered":"B Hotel Bras\u00edlia promove dois jantares com chefs franceses premiados"},"content":{"rendered":"<p>Amantes da alta gastronomia, especialmente a francesa, ter\u00e3o semana que vem a chance de conhecer a arte culin\u00e1ria de dois renomados chefs premiados com duas estrelas no Guia Michelin. S\u00e3o eles Jean-R\u00e9mi Caillon, chef executivo, e S\u00e9bastien Vauxion, chef p\u00e2tissier do restaurante Kintessence, que funciona no Hotel Le K2 Palace (com piscina coberta e spa), em Courchevel, nos Alpes franceses.<\/p>\n<p><a href=\"https:\/\/blogs.correiobraziliense.com.br\/lianasabo\/wp-content\/uploads\/sites\/25\/2018\/08\/unnamed-11.jpg\" rel=\"attachment wp-att-2524\"><img loading=\"lazy\" decoding=\"async\" class=\"aligncenter size-large wp-image-2524\" src=\"https:\/\/blogs.correiobraziliense.com.br\/lianasabo\/wp-content\/uploads\/sites\/25\/2018\/08\/unnamed-11-1024x683.jpg\" alt=\"unnamed (11)\" width=\"1024\" height=\"683\" srcset=\"https:\/\/blogs.correiobraziliense.com.br\/lianasabo\/wp-content\/uploads\/sites\/25\/2018\/08\/unnamed-11-1024x683.jpg 1024w, https:\/\/blogs.correiobraziliense.com.br\/lianasabo\/wp-content\/uploads\/sites\/25\/2018\/08\/unnamed-11-300x200.jpg 300w, https:\/\/blogs.correiobraziliense.com.br\/lianasabo\/wp-content\/uploads\/sites\/25\/2018\/08\/unnamed-11-768x512.jpg 768w, https:\/\/blogs.correiobraziliense.com.br\/lianasabo\/wp-content\/uploads\/sites\/25\/2018\/08\/unnamed-11-1440x960.jpg 1440w, https:\/\/blogs.correiobraziliense.com.br\/lianasabo\/wp-content\/uploads\/sites\/25\/2018\/08\/unnamed-11-550x367.jpg 550w, https:\/\/blogs.correiobraziliense.com.br\/lianasabo\/wp-content\/uploads\/sites\/25\/2018\/08\/unnamed-11-230x153.jpg 230w, https:\/\/blogs.correiobraziliense.com.br\/lianasabo\/wp-content\/uploads\/sites\/25\/2018\/08\/unnamed-11.jpg 1500w\" sizes=\"auto, (max-width: 1024px) 100vw, 1024px\" \/><\/a><br \/>\nEles v\u00e3o pilotar dois jantares nos dias 14 e 15 (R$ 430 o menu), que se inserem no projeto Chefs no B. O programa foi lan\u00e7ado no \u00faltimo m\u00eas de maio e estreou com o chef brasiliense Francisco Ansiliero recebendo homenagem do mais novo hotel da cidade. J\u00e1 a segunda edi\u00e7\u00e3o de Chefs no B trouxe \u00e0 Capital o chef franc\u00eas tamb\u00e9m com duas estrelas no Guia Michelin, Beno\u00eet Vidal.<\/p>\n<h3>Card\u00e1pio<\/h3>\n<p>Servido em tr\u00eas etapas \u2013 todas com dois pratos \u2013 o jantar come\u00e7a com uma entrada de beterraba, enguia, caviar e pimenta preta da Bahia, seguido de cogumelos, caf\u00e9, agri\u00e3o e castanha do Brasil. No principal, tamb\u00e9m \u00e9 usado ingrediente tipicamente brasileiro, como a mandioca defumada que escolta lagosta grelhada com estrag\u00e3o e cebola roxa. O outro prato \u00e9 de carne su\u00edna acompanhada de ravi\u00f3li com o soberbo queijo franc\u00eas Reblochon e carbonara rica.<\/p>\n<p><a href=\"https:\/\/blogs.correiobraziliense.com.br\/lianasabo\/wp-content\/uploads\/sites\/25\/2018\/08\/unnamed-13.jpg\" rel=\"attachment wp-att-2525\"><img loading=\"lazy\" decoding=\"async\" class=\"aligncenter size-large wp-image-2525\" src=\"https:\/\/blogs.correiobraziliense.com.br\/lianasabo\/wp-content\/uploads\/sites\/25\/2018\/08\/unnamed-13-1024x681.jpg\" alt=\"unnamed (13)\" width=\"1024\" height=\"681\" srcset=\"https:\/\/blogs.correiobraziliense.com.br\/lianasabo\/wp-content\/uploads\/sites\/25\/2018\/08\/unnamed-13-1024x681.jpg 1024w, https:\/\/blogs.correiobraziliense.com.br\/lianasabo\/wp-content\/uploads\/sites\/25\/2018\/08\/unnamed-13-300x200.jpg 300w, https:\/\/blogs.correiobraziliense.com.br\/lianasabo\/wp-content\/uploads\/sites\/25\/2018\/08\/unnamed-13-768x511.jpg 768w, https:\/\/blogs.correiobraziliense.com.br\/lianasabo\/wp-content\/uploads\/sites\/25\/2018\/08\/unnamed-13-1440x958.jpg 1440w, https:\/\/blogs.correiobraziliense.com.br\/lianasabo\/wp-content\/uploads\/sites\/25\/2018\/08\/unnamed-13-550x366.jpg 550w, https:\/\/blogs.correiobraziliense.com.br\/lianasabo\/wp-content\/uploads\/sites\/25\/2018\/08\/unnamed-13-230x153.jpg 230w, https:\/\/blogs.correiobraziliense.com.br\/lianasabo\/wp-content\/uploads\/sites\/25\/2018\/08\/unnamed-13.jpg 1500w\" sizes=\"auto, (max-width: 1024px) 100vw, 1024px\" \/><\/a><br \/>\nO chef da casa Rodrigo Sato estar\u00e1 ao lado dos visitantes no preparo das iguarias que chegam ao gran finale com macaron de lim\u00e3o e cacha\u00e7a e chocolate belga 70%, caramelo com flor de sal. No terceiro dia, quinta-feira, 16, a partir das 9h, a dupla francesa vai ministrar uma aula na qual ensinar\u00e1 o passo a passo de algumas receitas francesas por R$ 290.<\/p>\n<p><a href=\"https:\/\/blogs.correiobraziliense.com.br\/lianasabo\/wp-content\/uploads\/sites\/25\/2018\/08\/unnamed-8.jpg\" rel=\"attachment wp-att-2526\"><img loading=\"lazy\" decoding=\"async\" class=\"aligncenter size-large wp-image-2526\" src=\"https:\/\/blogs.correiobraziliense.com.br\/lianasabo\/wp-content\/uploads\/sites\/25\/2018\/08\/unnamed-8-1024x683.jpg\" alt=\"unnamed (8)\" width=\"1024\" height=\"683\" srcset=\"https:\/\/blogs.correiobraziliense.com.br\/lianasabo\/wp-content\/uploads\/sites\/25\/2018\/08\/unnamed-8-1024x683.jpg 1024w, https:\/\/blogs.correiobraziliense.com.br\/lianasabo\/wp-content\/uploads\/sites\/25\/2018\/08\/unnamed-8-300x200.jpg 300w, https:\/\/blogs.correiobraziliense.com.br\/lianasabo\/wp-content\/uploads\/sites\/25\/2018\/08\/unnamed-8-768x512.jpg 768w, https:\/\/blogs.correiobraziliense.com.br\/lianasabo\/wp-content\/uploads\/sites\/25\/2018\/08\/unnamed-8-1440x960.jpg 1440w, https:\/\/blogs.correiobraziliense.com.br\/lianasabo\/wp-content\/uploads\/sites\/25\/2018\/08\/unnamed-8-550x367.jpg 550w, https:\/\/blogs.correiobraziliense.com.br\/lianasabo\/wp-content\/uploads\/sites\/25\/2018\/08\/unnamed-8-230x153.jpg 230w, https:\/\/blogs.correiobraziliense.com.br\/lianasabo\/wp-content\/uploads\/sites\/25\/2018\/08\/unnamed-8.jpg 1500w\" sizes=\"auto, (max-width: 1024px) 100vw, 1024px\" \/><\/a><br \/>\nSe voc\u00ea fizer a reserva do jantar at\u00e9 domingo, dia 12, pagar\u00e1 R$ 390 pelo jantar, que poder\u00e1 ser harmonizado com vinhos cobrados \u00e0 parte no valor de R$ 150.<br \/>\nInforma\u00e7\u00f5es e reservas pelo telefone 3962-2000.<\/p>\n","protected":false},"excerpt":{"rendered":"<p>Amantes da alta gastronomia, especialmente a francesa, ter\u00e3o semana que vem a chance de conhecer a arte culin\u00e1ria de dois renomados chefs premiados com duas estrelas no Guia Michelin. S\u00e3o eles Jean-R\u00e9mi Caillon, chef executivo, e S\u00e9bastien Vauxion, chef p\u00e2tissier do restaurante Kintessence, que funciona no Hotel Le K2 Palace (com piscina coberta e spa), em Courchevel, nos Alpes franceses. [&hellip;]<\/p>\n","protected":false},"author":54,"featured_media":2527,"comment_status":"open","ping_status":"open","sticky":false,"template":"","format":"standard","meta":{"footnotes":""},"categories":[1],"tags":[],"class_list":["post-2523","post","type-post","status-publish","format-standard","has-post-thumbnail","hentry","category-sem-categoria"],"_links":{"self":[{"href":"https:\/\/blogs.correiobraziliense.com.br\/lianasabo\/wp-json\/wp\/v2\/posts\/2523","targetHints":{"allow":["GET"]}}],"collection":[{"href":"https:\/\/blogs.correiobraziliense.com.br\/lianasabo\/wp-json\/wp\/v2\/posts"}],"about":[{"href":"https:\/\/blogs.correiobraziliense.com.br\/lianasabo\/wp-json\/wp\/v2\/types\/post"}],"author":[{"embeddable":true,"href":"https:\/\/blogs.correiobraziliense.com.br\/lianasabo\/wp-json\/wp\/v2\/users\/54"}],"replies":[{"embeddable":true,"href":"https:\/\/blogs.correiobraziliense.com.br\/lianasabo\/wp-json\/wp\/v2\/comments?post=2523"}],"version-history":[{"count":2,"href":"https:\/\/blogs.correiobraziliense.com.br\/lianasabo\/wp-json\/wp\/v2\/posts\/2523\/revisions"}],"predecessor-version":[{"id":2529,"href":"https:\/\/blogs.correiobraziliense.com.br\/lianasabo\/wp-json\/wp\/v2\/posts\/2523\/revisions\/2529"}],"wp:featuredmedia":[{"embeddable":true,"href":"https:\/\/blogs.correiobraziliense.com.br\/lianasabo\/wp-json\/wp\/v2\/media\/2527"}],"wp:attachment":[{"href":"https:\/\/blogs.correiobraziliense.com.br\/lianasabo\/wp-json\/wp\/v2\/media?parent=2523"}],"wp:term":[{"taxonomy":"category","embeddable":true,"href":"https:\/\/blogs.correiobraziliense.com.br\/lianasabo\/wp-json\/wp\/v2\/categories?post=2523"},{"taxonomy":"post_tag","embeddable":true,"href":"https:\/\/blogs.correiobraziliense.com.br\/lianasabo\/wp-json\/wp\/v2\/tags?post=2523"}],"curies":[{"name":"wp","href":"https:\/\/api.w.org\/{rel}","templated":true}]}}