{"id":2502,"date":"2018-08-01T10:07:21","date_gmt":"2018-08-01T13:07:21","guid":{"rendered":"https:\/\/blogs.correiobraziliense.com.br\/lianasabo\/?p=2502"},"modified":"2018-07-30T10:14:00","modified_gmt":"2018-07-30T13:14:00","slug":"cafe-savana-levara-para-mostra-independente-quiches-tortas-e-espumantes","status":"publish","type":"post","link":"https:\/\/blogs.correiobraziliense.com.br\/lianasabo\/cafe-savana-levara-para-mostra-independente-quiches-tortas-e-espumantes\/","title":{"rendered":"Caf\u00e9 Savana levar\u00e1 para mostra independente quiches, tortas e espumantes"},"content":{"rendered":"<p>Apoiar eventos culturais tem sido uma tradi\u00e7\u00e3o do Caf\u00e9 Savana em seus 28 anos de exist\u00eancia. Mais uma vez, o chef Marcelo Mello estar\u00e1 presente na Feira de Gravuras e Publica\u00e7\u00f5es Independentes, que ser\u00e1 realizada sexta-feira, 3 de agosto, das 11h \u00e0s 20h e, no s\u00e1bado, 4, das 10h \u00e0s 19h, na Refer\u00eancia Galeria de Arte, 202 Norte, Bloco B, Loja 11.<\/p>\n<p>Quem for l\u00e1 poder\u00e1 se deliciar com as tortas, quiches (R$ 9, a fatia) e saladas elaboradas no Caf\u00e9 Savana, al\u00e9m de espumantes (R$ 12, a ta\u00e7a) e vinhos que tamb\u00e9m ser\u00e3o servidos em ta\u00e7as. Telefone 3963-3501.<\/p>\n","protected":false},"excerpt":{"rendered":"<p>Apoiar eventos culturais tem sido uma tradi\u00e7\u00e3o do Caf\u00e9 Savana em seus 28 anos de exist\u00eancia. Mais uma vez, o chef Marcelo Mello estar\u00e1 presente na Feira de Gravuras e Publica\u00e7\u00f5es Independentes, que ser\u00e1 realizada sexta-feira, 3 de agosto, das 11h \u00e0s 20h e, no s\u00e1bado, 4, das 10h \u00e0s 19h, na Refer\u00eancia Galeria de Arte, 202 Norte, Bloco B, [&hellip;]<\/p>\n","protected":false},"author":57,"featured_media":2503,"comment_status":"open","ping_status":"open","sticky":false,"template":"","format":"standard","meta":{"footnotes":""},"categories":[1],"tags":[],"class_list":["post-2502","post","type-post","status-publish","format-standard","has-post-thumbnail","hentry","category-sem-categoria"],"_links":{"self":[{"href":"https:\/\/blogs.correiobraziliense.com.br\/lianasabo\/wp-json\/wp\/v2\/posts\/2502","targetHints":{"allow":["GET"]}}],"collection":[{"href":"https:\/\/blogs.correiobraziliense.com.br\/lianasabo\/wp-json\/wp\/v2\/posts"}],"about":[{"href":"https:\/\/blogs.correiobraziliense.com.br\/lianasabo\/wp-json\/wp\/v2\/types\/post"}],"author":[{"embeddable":true,"href":"https:\/\/blogs.correiobraziliense.com.br\/lianasabo\/wp-json\/wp\/v2\/users\/57"}],"replies":[{"embeddable":true,"href":"https:\/\/blogs.correiobraziliense.com.br\/lianasabo\/wp-json\/wp\/v2\/comments?post=2502"}],"version-history":[{"count":1,"href":"https:\/\/blogs.correiobraziliense.com.br\/lianasabo\/wp-json\/wp\/v2\/posts\/2502\/revisions"}],"predecessor-version":[{"id":2504,"href":"https:\/\/blogs.correiobraziliense.com.br\/lianasabo\/wp-json\/wp\/v2\/posts\/2502\/revisions\/2504"}],"wp:featuredmedia":[{"embeddable":true,"href":"https:\/\/blogs.correiobraziliense.com.br\/lianasabo\/wp-json\/wp\/v2\/media\/2503"}],"wp:attachment":[{"href":"https:\/\/blogs.correiobraziliense.com.br\/lianasabo\/wp-json\/wp\/v2\/media?parent=2502"}],"wp:term":[{"taxonomy":"category","embeddable":true,"href":"https:\/\/blogs.correiobraziliense.com.br\/lianasabo\/wp-json\/wp\/v2\/categories?post=2502"},{"taxonomy":"post_tag","embeddable":true,"href":"https:\/\/blogs.correiobraziliense.com.br\/lianasabo\/wp-json\/wp\/v2\/tags?post=2502"}],"curies":[{"name":"wp","href":"https:\/\/api.w.org\/{rel}","templated":true}]}}