{"id":2500,"date":"2018-07-31T09:56:39","date_gmt":"2018-07-31T12:56:39","guid":{"rendered":"https:\/\/blogs.correiobraziliense.com.br\/lianasabo\/?p=2500"},"modified":"2018-07-30T10:07:10","modified_gmt":"2018-07-30T13:07:10","slug":"nespresso-lanca-dois-novos-sabores-africanos-em-edicao-limitada","status":"publish","type":"post","link":"https:\/\/blogs.correiobraziliense.com.br\/lianasabo\/nespresso-lanca-dois-novos-sabores-africanos-em-edicao-limitada\/","title":{"rendered":"Nespresso lan\u00e7a dois novos sabores africanos em edi\u00e7\u00e3o limitada"},"content":{"rendered":"<p>A Nespresso foi buscar na \u00c1frica Oriental, ber\u00e7o da variedade de caf\u00e9s ar\u00e1bica, na Eti\u00f3pia e, robusta, em Uganda, inspira\u00e7\u00e3o para o lan\u00e7amento de dois novos sabores que j\u00e1 est\u00e3o \u00e0 venda no mercado, em edi\u00e7\u00e3o limitada.<\/p>\n<p>Arabica Ethiopia Harrar pode ser degustado em formato longo (110ml), como no curto, o tradicional expresso (40ml). Apresenta notas frutadas e frescor floral que revela seu corpo aveludado. J\u00e1 o Robusta Uganda, doce e intenso, \u00e9 um caf\u00e9 com notas de cacau. Saem por R$ 2,70, a c\u00e1psula. A origem dos caf\u00e9s tamb\u00e9m foi lembrada no colorido da embalagem, cujos desenhos s\u00e3o atribu\u00eddos \u00e0 ilustradora portuguesa Mariana Rodrigues.<\/p>\n<p>\u201cEstava t\u00e3o inspirada pelos caf\u00e9s Nespresso, especialmente pela sua origem m\u00edstica, que quando comecei a desenvolver os sleeves, quis retratar claramente a intensidade das duas culturas e unir isso a beleza em suas hist\u00f3rias e heran\u00e7as sobre o caf\u00e9,\u201d explicou a artista.<\/p>\n","protected":false},"excerpt":{"rendered":"<p>A Nespresso foi buscar na \u00c1frica Oriental, ber\u00e7o da variedade de caf\u00e9s ar\u00e1bica, na Eti\u00f3pia e, robusta, em Uganda, inspira\u00e7\u00e3o para o lan\u00e7amento de dois novos sabores que j\u00e1 est\u00e3o \u00e0 venda no mercado, em edi\u00e7\u00e3o limitada. Arabica Ethiopia Harrar pode ser degustado em formato longo (110ml), como no curto, o tradicional expresso (40ml). Apresenta notas frutadas e frescor floral [&hellip;]<\/p>\n","protected":false},"author":54,"featured_media":0,"comment_status":"open","ping_status":"open","sticky":false,"template":"","format":"standard","meta":{"footnotes":""},"categories":[1],"tags":[],"class_list":["post-2500","post","type-post","status-publish","format-standard","hentry","category-sem-categoria"],"_links":{"self":[{"href":"https:\/\/blogs.correiobraziliense.com.br\/lianasabo\/wp-json\/wp\/v2\/posts\/2500","targetHints":{"allow":["GET"]}}],"collection":[{"href":"https:\/\/blogs.correiobraziliense.com.br\/lianasabo\/wp-json\/wp\/v2\/posts"}],"about":[{"href":"https:\/\/blogs.correiobraziliense.com.br\/lianasabo\/wp-json\/wp\/v2\/types\/post"}],"author":[{"embeddable":true,"href":"https:\/\/blogs.correiobraziliense.com.br\/lianasabo\/wp-json\/wp\/v2\/users\/54"}],"replies":[{"embeddable":true,"href":"https:\/\/blogs.correiobraziliense.com.br\/lianasabo\/wp-json\/wp\/v2\/comments?post=2500"}],"version-history":[{"count":1,"href":"https:\/\/blogs.correiobraziliense.com.br\/lianasabo\/wp-json\/wp\/v2\/posts\/2500\/revisions"}],"predecessor-version":[{"id":2501,"href":"https:\/\/blogs.correiobraziliense.com.br\/lianasabo\/wp-json\/wp\/v2\/posts\/2500\/revisions\/2501"}],"wp:attachment":[{"href":"https:\/\/blogs.correiobraziliense.com.br\/lianasabo\/wp-json\/wp\/v2\/media?parent=2500"}],"wp:term":[{"taxonomy":"category","embeddable":true,"href":"https:\/\/blogs.correiobraziliense.com.br\/lianasabo\/wp-json\/wp\/v2\/categories?post=2500"},{"taxonomy":"post_tag","embeddable":true,"href":"https:\/\/blogs.correiobraziliense.com.br\/lianasabo\/wp-json\/wp\/v2\/tags?post=2500"}],"curies":[{"name":"wp","href":"https:\/\/api.w.org\/{rel}","templated":true}]}}