{"id":2486,"date":"2018-07-27T11:00:39","date_gmt":"2018-07-27T14:00:39","guid":{"rendered":"https:\/\/blogs.correiobraziliense.com.br\/lianasabo\/?p=2486"},"modified":"2018-07-26T15:37:55","modified_gmt":"2018-07-26T18:37:55","slug":"brasilia-tera-primeira-festa-da-polenta","status":"publish","type":"post","link":"https:\/\/blogs.correiobraziliense.com.br\/lianasabo\/brasilia-tera-primeira-festa-da-polenta\/","title":{"rendered":"Bras\u00edlia ter\u00e1 a primeira festa da polenta"},"content":{"rendered":"<p>Em outubro de 1978, nas depend\u00eancias da Igreja Matriz de Venda Nova do Imigrante, no Esp\u00edrito Santo, um grupo de mulheres elaborou, cozinhou e serviu um dos mais populares pratos da culin\u00e1ria italiana. Foi a primeira manifesta\u00e7\u00e3o cultural de uma festa que completar\u00e1 40 anos. A ideia chega agora a Bras\u00edlia, que ter\u00e1 amanh\u00e3 a sua 1\u00aa Festa da Polenta, com um jantar a ter lugar no Centro de Tradi\u00e7\u00f5es Ga\u00fachas Jayme Caetano Braun, conhecido por CTG, situado no SCES, Trecho 2, em frente ao CICB.<\/p>\n<p>Voc\u00ea ter\u00e1 tr\u00eas op\u00e7\u00f5es para degustar a polenta: molho de lingui\u00e7a apimentada, molho de carne ou ragu de vegetais para os vegetarianos. No comando da panela gigante, nada menos que 13 chefs, todos integrantes da FIC (Federa\u00e7\u00e3o Italiana de Cozinheiros), se\u00e7\u00e3o Bras\u00edlia, dirigida por Ville Della Penna. Come\u00e7a \u00e0s 20h e o ingresso sair\u00e1 por R$ 50 ou R$ 38, se voc\u00ea levar 1kg de alimento n\u00e3o perec\u00edvel (exceto sal e farinha) para doa\u00e7\u00e3o. Do evento faz parte uma feirinha com produtos artesanais da gastronomia italiana, que abre \u00e0s 16h.<\/p>\n","protected":false},"excerpt":{"rendered":"<p>Em outubro de 1978, nas depend\u00eancias da Igreja Matriz de Venda Nova do Imigrante, no Esp\u00edrito Santo, um grupo de mulheres elaborou, cozinhou e serviu um dos mais populares pratos da culin\u00e1ria italiana. Foi a primeira manifesta\u00e7\u00e3o cultural de uma festa que completar\u00e1 40 anos. A ideia chega agora a Bras\u00edlia, que ter\u00e1 amanh\u00e3 a sua 1\u00aa Festa da Polenta, [&hellip;]<\/p>\n","protected":false},"author":54,"featured_media":2487,"comment_status":"open","ping_status":"open","sticky":false,"template":"","format":"standard","meta":{"footnotes":""},"categories":[1],"tags":[],"class_list":["post-2486","post","type-post","status-publish","format-standard","has-post-thumbnail","hentry","category-sem-categoria"],"_links":{"self":[{"href":"https:\/\/blogs.correiobraziliense.com.br\/lianasabo\/wp-json\/wp\/v2\/posts\/2486","targetHints":{"allow":["GET"]}}],"collection":[{"href":"https:\/\/blogs.correiobraziliense.com.br\/lianasabo\/wp-json\/wp\/v2\/posts"}],"about":[{"href":"https:\/\/blogs.correiobraziliense.com.br\/lianasabo\/wp-json\/wp\/v2\/types\/post"}],"author":[{"embeddable":true,"href":"https:\/\/blogs.correiobraziliense.com.br\/lianasabo\/wp-json\/wp\/v2\/users\/54"}],"replies":[{"embeddable":true,"href":"https:\/\/blogs.correiobraziliense.com.br\/lianasabo\/wp-json\/wp\/v2\/comments?post=2486"}],"version-history":[{"count":1,"href":"https:\/\/blogs.correiobraziliense.com.br\/lianasabo\/wp-json\/wp\/v2\/posts\/2486\/revisions"}],"predecessor-version":[{"id":2488,"href":"https:\/\/blogs.correiobraziliense.com.br\/lianasabo\/wp-json\/wp\/v2\/posts\/2486\/revisions\/2488"}],"wp:featuredmedia":[{"embeddable":true,"href":"https:\/\/blogs.correiobraziliense.com.br\/lianasabo\/wp-json\/wp\/v2\/media\/2487"}],"wp:attachment":[{"href":"https:\/\/blogs.correiobraziliense.com.br\/lianasabo\/wp-json\/wp\/v2\/media?parent=2486"}],"wp:term":[{"taxonomy":"category","embeddable":true,"href":"https:\/\/blogs.correiobraziliense.com.br\/lianasabo\/wp-json\/wp\/v2\/categories?post=2486"},{"taxonomy":"post_tag","embeddable":true,"href":"https:\/\/blogs.correiobraziliense.com.br\/lianasabo\/wp-json\/wp\/v2\/tags?post=2486"}],"curies":[{"name":"wp","href":"https:\/\/api.w.org\/{rel}","templated":true}]}}