{"id":2483,"date":"2018-07-27T12:00:52","date_gmt":"2018-07-27T15:00:52","guid":{"rendered":"https:\/\/blogs.correiobraziliense.com.br\/lianasabo\/?p=2483"},"modified":"2018-07-26T15:36:01","modified_gmt":"2018-07-26T18:36:01","slug":"o-menu-de-cr7","status":"publish","type":"post","link":"https:\/\/blogs.correiobraziliense.com.br\/lianasabo\/o-menu-de-cr7\/","title":{"rendered":"O menu de CR7"},"content":{"rendered":"<p>Voc\u00ea n\u00e3o precisa ir at\u00e9 Portugal para se deliciar com os pratos prediletos do craque Cristiano Ronaldo. Numa execu\u00e7\u00e3o fiel a que ele aprecia est\u00e1 sendo servido num restaurante em Gramado (RS) o card\u00e1pio desenvolvido por Dolores e K\u00e1tia Aveiro, m\u00e3e e irm\u00e3 do jogador lusitano. Foi como cozinheira que a matriarca dos Aveiro sustentou a fam\u00edlia durante anos no Funchal, capital da Ilha da Madeira e origem do cl\u00e3.<\/p>\n<p>\u00danico estabelecimento gastron\u00f4mico de culin\u00e1ria portuguesa daquela cidade ga\u00facha,\u00a027 \u00e9 uma parceria entre a fam\u00edlia de CR7 com a Gramado Parks e a Chocolate Lugano. No menu, al\u00e9m do bacalhau \u00e0 Br\u00e1s, favorito de Cristiano Ronaldo, que vem rebatizado como bacalhau \u00e0 CR7, h\u00e1 arroz de polvo, bacalhau com natas e o pica-pau \u00e0 moda da Madeira, prato t\u00edpico centrado em um suculento fil\u00e9-mignon. N\u00e3o faltam o bolinho de bacalhau e o pastel de nata. O restaurante fica no centro de Gramado, Av. Borges de Medeiros 2507. Funciona todos os dias, das 11h30 \u00e0 0h.<\/p>\n","protected":false},"excerpt":{"rendered":"<p>Voc\u00ea n\u00e3o precisa ir at\u00e9 Portugal para se deliciar com os pratos prediletos do craque Cristiano Ronaldo. Numa execu\u00e7\u00e3o fiel a que ele aprecia est\u00e1 sendo servido num restaurante em Gramado (RS) o card\u00e1pio desenvolvido por Dolores e K\u00e1tia Aveiro, m\u00e3e e irm\u00e3 do jogador lusitano. Foi como cozinheira que a matriarca dos Aveiro sustentou a fam\u00edlia durante anos no [&hellip;]<\/p>\n","protected":false},"author":54,"featured_media":2484,"comment_status":"open","ping_status":"open","sticky":false,"template":"","format":"standard","meta":{"footnotes":""},"categories":[1],"tags":[],"class_list":["post-2483","post","type-post","status-publish","format-standard","has-post-thumbnail","hentry","category-sem-categoria"],"_links":{"self":[{"href":"https:\/\/blogs.correiobraziliense.com.br\/lianasabo\/wp-json\/wp\/v2\/posts\/2483","targetHints":{"allow":["GET"]}}],"collection":[{"href":"https:\/\/blogs.correiobraziliense.com.br\/lianasabo\/wp-json\/wp\/v2\/posts"}],"about":[{"href":"https:\/\/blogs.correiobraziliense.com.br\/lianasabo\/wp-json\/wp\/v2\/types\/post"}],"author":[{"embeddable":true,"href":"https:\/\/blogs.correiobraziliense.com.br\/lianasabo\/wp-json\/wp\/v2\/users\/54"}],"replies":[{"embeddable":true,"href":"https:\/\/blogs.correiobraziliense.com.br\/lianasabo\/wp-json\/wp\/v2\/comments?post=2483"}],"version-history":[{"count":1,"href":"https:\/\/blogs.correiobraziliense.com.br\/lianasabo\/wp-json\/wp\/v2\/posts\/2483\/revisions"}],"predecessor-version":[{"id":2485,"href":"https:\/\/blogs.correiobraziliense.com.br\/lianasabo\/wp-json\/wp\/v2\/posts\/2483\/revisions\/2485"}],"wp:featuredmedia":[{"embeddable":true,"href":"https:\/\/blogs.correiobraziliense.com.br\/lianasabo\/wp-json\/wp\/v2\/media\/2484"}],"wp:attachment":[{"href":"https:\/\/blogs.correiobraziliense.com.br\/lianasabo\/wp-json\/wp\/v2\/media?parent=2483"}],"wp:term":[{"taxonomy":"category","embeddable":true,"href":"https:\/\/blogs.correiobraziliense.com.br\/lianasabo\/wp-json\/wp\/v2\/categories?post=2483"},{"taxonomy":"post_tag","embeddable":true,"href":"https:\/\/blogs.correiobraziliense.com.br\/lianasabo\/wp-json\/wp\/v2\/tags?post=2483"}],"curies":[{"name":"wp","href":"https:\/\/api.w.org\/{rel}","templated":true}]}}