{"id":2469,"date":"2018-07-20T14:00:05","date_gmt":"2018-07-20T17:00:05","guid":{"rendered":"https:\/\/blogs.correiobraziliense.com.br\/lianasabo\/?p=2469"},"modified":"2018-07-19T17:27:42","modified_gmt":"2018-07-19T20:27:42","slug":"festival-gastronomico-do-iguatemi-esta-marcado-para-o-proximo-fim-de-semana","status":"publish","type":"post","link":"https:\/\/blogs.correiobraziliense.com.br\/lianasabo\/festival-gastronomico-do-iguatemi-esta-marcado-para-o-proximo-fim-de-semana\/","title":{"rendered":"Festival Gastron\u00f4mico do Iguatemi est\u00e1 marcado para o pr\u00f3ximo fim de semana"},"content":{"rendered":"<p>Adiado por duas vezes (a primeira, devido \u00e0 greve dos caminhoneiros em junho), o 1\u00ba Festival Gastron\u00f4mico do Iguatemi est\u00e1 marcado para o pr\u00f3ximo fim de semana, em 28 e 29 de julho, no estacionamento do shopping. Algumas receitas est\u00e3o sendo criadas especialmente para o evento, no qual os pratos custar\u00e3o de R$ 6 a R$ 20.<\/p>\n<p>A amplia\u00e7\u00e3o do prazo permitiu duas novidades: show de jazz e m\u00fasica brasileira e aumento do n\u00famero de participantes, anteriormente limitado aos estabelecimentos do pr\u00f3prio shopping. O chef Lucas Corazza, confeiteiro e apresentador do programa Que seja doce, Sant\u00e9 13, Rapport Caf\u00e9s Especiais, \u00c1rabe Gourmet, Parrilla Burger s\u00e3o algumas grifes presentes. Entrada franca, das 12h \u00e0s 21h.<\/p>\n","protected":false},"excerpt":{"rendered":"<p>Adiado por duas vezes (a primeira, devido \u00e0 greve dos caminhoneiros em junho), o 1\u00ba Festival Gastron\u00f4mico do Iguatemi est\u00e1 marcado para o pr\u00f3ximo fim de semana, em 28 e 29 de julho, no estacionamento do shopping. Algumas receitas est\u00e3o sendo criadas especialmente para o evento, no qual os pratos custar\u00e3o de R$ 6 a R$ 20. A amplia\u00e7\u00e3o do [&hellip;]<\/p>\n","protected":false},"author":57,"featured_media":2470,"comment_status":"open","ping_status":"open","sticky":false,"template":"","format":"standard","meta":{"footnotes":""},"categories":[1],"tags":[],"class_list":["post-2469","post","type-post","status-publish","format-standard","has-post-thumbnail","hentry","category-sem-categoria"],"_links":{"self":[{"href":"https:\/\/blogs.correiobraziliense.com.br\/lianasabo\/wp-json\/wp\/v2\/posts\/2469","targetHints":{"allow":["GET"]}}],"collection":[{"href":"https:\/\/blogs.correiobraziliense.com.br\/lianasabo\/wp-json\/wp\/v2\/posts"}],"about":[{"href":"https:\/\/blogs.correiobraziliense.com.br\/lianasabo\/wp-json\/wp\/v2\/types\/post"}],"author":[{"embeddable":true,"href":"https:\/\/blogs.correiobraziliense.com.br\/lianasabo\/wp-json\/wp\/v2\/users\/57"}],"replies":[{"embeddable":true,"href":"https:\/\/blogs.correiobraziliense.com.br\/lianasabo\/wp-json\/wp\/v2\/comments?post=2469"}],"version-history":[{"count":1,"href":"https:\/\/blogs.correiobraziliense.com.br\/lianasabo\/wp-json\/wp\/v2\/posts\/2469\/revisions"}],"predecessor-version":[{"id":2471,"href":"https:\/\/blogs.correiobraziliense.com.br\/lianasabo\/wp-json\/wp\/v2\/posts\/2469\/revisions\/2471"}],"wp:featuredmedia":[{"embeddable":true,"href":"https:\/\/blogs.correiobraziliense.com.br\/lianasabo\/wp-json\/wp\/v2\/media\/2470"}],"wp:attachment":[{"href":"https:\/\/blogs.correiobraziliense.com.br\/lianasabo\/wp-json\/wp\/v2\/media?parent=2469"}],"wp:term":[{"taxonomy":"category","embeddable":true,"href":"https:\/\/blogs.correiobraziliense.com.br\/lianasabo\/wp-json\/wp\/v2\/categories?post=2469"},{"taxonomy":"post_tag","embeddable":true,"href":"https:\/\/blogs.correiobraziliense.com.br\/lianasabo\/wp-json\/wp\/v2\/tags?post=2469"}],"curies":[{"name":"wp","href":"https:\/\/api.w.org\/{rel}","templated":true}]}}