{"id":2445,"date":"2018-07-13T12:00:13","date_gmt":"2018-07-13T15:00:13","guid":{"rendered":"https:\/\/blogs.correiobraziliense.com.br\/lianasabo\/?p=2445"},"modified":"2018-07-12T10:08:11","modified_gmt":"2018-07-12T13:08:11","slug":"festival-de-inverno-do-parkshopping-chega-quarta-edicao","status":"publish","type":"post","link":"https:\/\/blogs.correiobraziliense.com.br\/lianasabo\/festival-de-inverno-do-parkshopping-chega-quarta-edicao\/","title":{"rendered":"Festival de inverno do ParkShopping chega \u00e0 quarta edi\u00e7\u00e3o"},"content":{"rendered":"<p>Pela quarta vez, o ParkShopping conclama suas marcas gastron\u00f4micas para o festival de inverno, que este ano dura mais tempo, indo at\u00e9 27 de julho, de segunda a sexta-feira.<\/p>\n<p>O evento traz uma novidade: Pecorino. Rec\u00e9m-inaugurada, a casa de pegada italiana, sugere no almo\u00e7o carpaccio com r\u00facula e parmigiano, na entrada e nhoque com lascas de bacalhau e pomodorini no principal. No jantar, vir\u00e3o brusqueta de tomate com queijo de cabra e manjeric\u00e3o e polpettone ao molho branco com parmes\u00e3o e penne ao pomodoro.<\/p>\n<p>Outro ponto forte dessa temporada \u00e9 o pre\u00e7o R$ 58,90, que d\u00e1 direito \u00e0 sobremesa, ser\u00e1 o mesmo tanto para o almo\u00e7oo quanto para o jantar. No La Tambouille, a entrada \u00e9 uma terrine de robalo e aspargos no almo\u00e7o com medalh\u00e3o de fil\u00e9 ao molho gorgonzola e nhoque, no principal. J\u00e1 no jantar, pescada amarela ao molho de maracuj\u00e1 e arroz cremoso est\u00e1 no centro do menu.<\/p>\n<h3>\nSust\u00e2ncia<\/h3>\n<p>Carnes grelhadas poder\u00e3o ser encontradas no Le Vin, que vai de entrec\u00f4te com tagliatelle no jantar; no Outback com a JR ribs preparada em fogo aberto acompanhada de fritas crocantes, no jantar; no Barbacoa, miolo de alcatra com molho de mostarda no almo\u00e7o, al\u00e9m do ancho com manteiga de ervas e risoto de alcachofra do Pinguim. No Peixe na rede, ter\u00e1 vez til\u00e1pia ao molho de requeij\u00e3o e banana.<\/p>\n","protected":false},"excerpt":{"rendered":"<p>Pela quarta vez, o ParkShopping conclama suas marcas gastron\u00f4micas para o festival de inverno, que este ano dura mais tempo, indo at\u00e9 27 de julho, de segunda a sexta-feira. O evento traz uma novidade: Pecorino. Rec\u00e9m-inaugurada, a casa de pegada italiana, sugere no almo\u00e7o carpaccio com r\u00facula e parmigiano, na entrada e nhoque com lascas de bacalhau e pomodorini no [&hellip;]<\/p>\n","protected":false},"author":54,"featured_media":2446,"comment_status":"open","ping_status":"open","sticky":false,"template":"","format":"standard","meta":{"footnotes":""},"categories":[1],"tags":[],"class_list":["post-2445","post","type-post","status-publish","format-standard","has-post-thumbnail","hentry","category-sem-categoria"],"_links":{"self":[{"href":"https:\/\/blogs.correiobraziliense.com.br\/lianasabo\/wp-json\/wp\/v2\/posts\/2445","targetHints":{"allow":["GET"]}}],"collection":[{"href":"https:\/\/blogs.correiobraziliense.com.br\/lianasabo\/wp-json\/wp\/v2\/posts"}],"about":[{"href":"https:\/\/blogs.correiobraziliense.com.br\/lianasabo\/wp-json\/wp\/v2\/types\/post"}],"author":[{"embeddable":true,"href":"https:\/\/blogs.correiobraziliense.com.br\/lianasabo\/wp-json\/wp\/v2\/users\/54"}],"replies":[{"embeddable":true,"href":"https:\/\/blogs.correiobraziliense.com.br\/lianasabo\/wp-json\/wp\/v2\/comments?post=2445"}],"version-history":[{"count":1,"href":"https:\/\/blogs.correiobraziliense.com.br\/lianasabo\/wp-json\/wp\/v2\/posts\/2445\/revisions"}],"predecessor-version":[{"id":2447,"href":"https:\/\/blogs.correiobraziliense.com.br\/lianasabo\/wp-json\/wp\/v2\/posts\/2445\/revisions\/2447"}],"wp:featuredmedia":[{"embeddable":true,"href":"https:\/\/blogs.correiobraziliense.com.br\/lianasabo\/wp-json\/wp\/v2\/media\/2446"}],"wp:attachment":[{"href":"https:\/\/blogs.correiobraziliense.com.br\/lianasabo\/wp-json\/wp\/v2\/media?parent=2445"}],"wp:term":[{"taxonomy":"category","embeddable":true,"href":"https:\/\/blogs.correiobraziliense.com.br\/lianasabo\/wp-json\/wp\/v2\/categories?post=2445"},{"taxonomy":"post_tag","embeddable":true,"href":"https:\/\/blogs.correiobraziliense.com.br\/lianasabo\/wp-json\/wp\/v2\/tags?post=2445"}],"curies":[{"name":"wp","href":"https:\/\/api.w.org\/{rel}","templated":true}]}}