{"id":2419,"date":"2018-07-06T09:00:58","date_gmt":"2018-07-06T12:00:58","guid":{"rendered":"https:\/\/blogs.correiobraziliense.com.br\/lianasabo\/?p=2419"},"modified":"2018-07-05T18:30:51","modified_gmt":"2018-07-05T21:30:51","slug":"depois-da-copa-vem-um-novo-japa","status":"publish","type":"post","link":"https:\/\/blogs.correiobraziliense.com.br\/lianasabo\/depois-da-copa-vem-um-novo-japa\/","title":{"rendered":"Depois da Copa, Bras\u00edlia ganhar\u00e1 um novo restaurante japa"},"content":{"rendered":"<p>N\u00e3o d\u00e1 mais para contar nos dedos quantas s\u00e3o as casas que servem sushi e sashimi em Bras\u00edlia. At\u00e9 churrascarias tiram proveito de sua fama. Isso pode at\u00e9 dar a (falsa) impress\u00e3o de que a cozinha japonesa se limita a essas receitas. S\u00f3 uma olhada mais atenta no card\u00e1pio se percebe o quanto \u00e9 amplo o repert\u00f3rio.<br \/>\nCom certeza, a constata\u00e7\u00e3o vai acontecer quando abrir as portas na 213 Sul (Bloco B), o novo japa chamado Kawa, que em japon\u00eas significa rio. \u201cA palavra remete ao sobrenome dos meus s\u00f3cios, o nissei Eduardo Togawa e o cearense Jos\u00e9 Afr\u00e2nio Rios\u201d, explica o chef e sushiman Marcos Akaki. Foi ele quem teve a ideia de se lan\u00e7ar numa empreitada ambiciosa e cara como \u00e9 o restaurante que est\u00e1 sendo finalizado na Asa Sul.<\/p>\n<h3>Atra\u00eddo pelo cerrado<\/h3>\n<figure id=\"attachment_2421\" aria-describedby=\"caption-attachment-2421\" style=\"width: 1200px\" class=\"wp-caption aligncenter\"><a href=\"https:\/\/blogs.correiobraziliense.com.br\/lianasabo\/wp-content\/uploads\/sites\/25\/2018\/07\/blog_japa2.jpg\" rel=\"attachment wp-att-2421\"><img loading=\"lazy\" decoding=\"async\" class=\"size-full wp-image-2421\" src=\"https:\/\/blogs.correiobraziliense.com.br\/lianasabo\/wp-content\/uploads\/sites\/25\/2018\/07\/blog_japa2.jpg\" alt=\"27\/06\/2018 Cr\u00e9dito: Minervino Junior\/CB\/D.A Press. Brasil. Bras\u00edlia - DF. Gastronomia. Chef apresenta pratos do seu Restaurante.\" width=\"1200\" height=\"650\" srcset=\"https:\/\/blogs.correiobraziliense.com.br\/lianasabo\/wp-content\/uploads\/sites\/25\/2018\/07\/blog_japa2.jpg 1200w, https:\/\/blogs.correiobraziliense.com.br\/lianasabo\/wp-content\/uploads\/sites\/25\/2018\/07\/blog_japa2-300x163.jpg 300w, https:\/\/blogs.correiobraziliense.com.br\/lianasabo\/wp-content\/uploads\/sites\/25\/2018\/07\/blog_japa2-768x416.jpg 768w, https:\/\/blogs.correiobraziliense.com.br\/lianasabo\/wp-content\/uploads\/sites\/25\/2018\/07\/blog_japa2-1024x555.jpg 1024w, https:\/\/blogs.correiobraziliense.com.br\/lianasabo\/wp-content\/uploads\/sites\/25\/2018\/07\/blog_japa2-550x298.jpg 550w, https:\/\/blogs.correiobraziliense.com.br\/lianasabo\/wp-content\/uploads\/sites\/25\/2018\/07\/blog_japa2-230x125.jpg 230w\" sizes=\"auto, (max-width: 1200px) 100vw, 1200px\" \/><\/a><figcaption id=\"caption-attachment-2421\" class=\"wp-caption-text\">27\/06\/2018 Cr\u00e9dito: Minervino Junior\/CB\/D.A Press. Brasil. Bras\u00edlia &#8211; DF. Gastronomia. Chef apresenta pratos do seu Restaurante.<\/figcaption><\/figure>\n<p>\u201cPensamos inaugurar o Kawa por volta do dia 20 de julho, mas a obra pode atrasar\u201d, admite o chef de origem japonesa, que n\u00e3o \u00e9 estranho na cidade. Akaki chegou em 2016 para tocar o Oma, na 411 Sul. Quando venceu o contrato de um ano, por uma quest\u00e3o de log\u00edstica, a grife se mudou para o Centro de Lazer Beira Lago, onde os donos acomodaram o bistr\u00f4 nip\u00f4nico no pr\u00e9dio ocupado pelo Otro Parilla.<br \/>\nSeduzido pela capital, o sansei paulista de 43 anos passou a vislumbrar outras alternativas. \u201cTive a oportunidade de conhecer empres\u00e1rios interessados num projeto gastron\u00f4mico\u201d, revela. Assim, Akaki se torna s\u00f3cio-propriet\u00e1rio de um restaurante, muito maior do que j\u00e1 teve em S\u00e3o Paulo.<br \/>\nEle \u00e9 o primeiro cozinheiro da fam\u00edlia \u2014 o pai \u00e9 arquiteto e a m\u00e3e administra a empresa de constru\u00e7\u00e3o \u2014, e toda a sua forma\u00e7\u00e3o \u00e9 baseada nas t\u00e9cnicas e sabores orientais. O chef viveu 14 anos no Jap\u00e3o, numa prov\u00edncia distante 30 quil\u00f4metros de T\u00f3quio e, de volta a S\u00e3o Paulo, continuou a trabalhar em casas t\u00edpicas de sua etnia, que somam mais de 20.<\/p>\n<h3>Ingredientes locais<\/h3>\n<p>Os peixes e frutos do mar v\u00eam do litoral paulista, mas cogumelos, verduras, frutas e legumes s\u00e3o produzidos no Distrito Federal. At\u00e9 os cortes especiais da carne t\u00eam selo brasiliense, como a Beef Passion. \u201cDesenvolvi as entradas para serem compartilhadas\u201d, explica Akaki, que elegeu a guioza; os cogumelos grelhados na chapa com manteiga, shoyo e saqu\u00ea (R$ 20) e o beans tempur\u00e1, que \u00e9 um empanado de vagem com molho de teriyaki e crispy de shimeji (R$ 22).<br \/>\nEntre os principais, destaque para o ebi rios, camar\u00e3o empanado em massa crunch envolto em tiradito de salm\u00e3o temperado com tabasco, finas fatias de lim\u00e3o taiti, teriyaki, cebolinha e gergelim torrado por R$ 44. Outra sugest\u00e3o s\u00e3o canoas de end\u00edvias grelhadas cobertas com cubos de salm\u00e3o temperado com c\u00edtrico de lim\u00e3o siciliano, massag\u00f4 (ovas de peixe) com wassabi e vieiras por R$ 35.<\/p>\n<h3>Rod\u00edzio vetado<\/h3>\n<figure id=\"attachment_2422\" aria-describedby=\"caption-attachment-2422\" style=\"width: 1200px\" class=\"wp-caption aligncenter\"><a href=\"https:\/\/blogs.correiobraziliense.com.br\/lianasabo\/wp-content\/uploads\/sites\/25\/2018\/07\/blog_japa3.jpg\" rel=\"attachment wp-att-2422\"><img loading=\"lazy\" decoding=\"async\" class=\"size-full wp-image-2422\" src=\"https:\/\/blogs.correiobraziliense.com.br\/lianasabo\/wp-content\/uploads\/sites\/25\/2018\/07\/blog_japa3.jpg\" alt=\"27\/06\/2018 Cr\u00e9dito: Minervino Junior\/CB\/D.A Press. Brasil. Bras\u00edlia - DF. Gastronomia. Chef apresenta pratos do seu Restaurante. Na Foto Marcos Akaki, chef.\" width=\"1200\" height=\"650\" srcset=\"https:\/\/blogs.correiobraziliense.com.br\/lianasabo\/wp-content\/uploads\/sites\/25\/2018\/07\/blog_japa3.jpg 1200w, https:\/\/blogs.correiobraziliense.com.br\/lianasabo\/wp-content\/uploads\/sites\/25\/2018\/07\/blog_japa3-300x163.jpg 300w, https:\/\/blogs.correiobraziliense.com.br\/lianasabo\/wp-content\/uploads\/sites\/25\/2018\/07\/blog_japa3-768x416.jpg 768w, https:\/\/blogs.correiobraziliense.com.br\/lianasabo\/wp-content\/uploads\/sites\/25\/2018\/07\/blog_japa3-1024x555.jpg 1024w, https:\/\/blogs.correiobraziliense.com.br\/lianasabo\/wp-content\/uploads\/sites\/25\/2018\/07\/blog_japa3-550x298.jpg 550w, https:\/\/blogs.correiobraziliense.com.br\/lianasabo\/wp-content\/uploads\/sites\/25\/2018\/07\/blog_japa3-230x125.jpg 230w\" sizes=\"auto, (max-width: 1200px) 100vw, 1200px\" \/><\/a><figcaption id=\"caption-attachment-2422\" class=\"wp-caption-text\">27\/06\/2018 Cr\u00e9dito: Minervino Junior\/CB\/D.A Press. Brasil. Bras\u00edlia &#8211; DF. Gastronomia. Chef apresenta pratos do seu Restaurante. Na Foto Marcos Akaki, chef.<\/figcaption><\/figure>\n<p>\u201cAo compartilhar pratos, voc\u00ea pode comer com muito mais qualidade e por menor pre\u00e7o\u201d, sentencia o chef, que n\u00e3o serve rod\u00edzio. Sushis e sashimis v\u00eam num combinado de 22 a 70 pe\u00e7as. O maior d\u00e1 para tr\u00eas pessoas e custa R$ 258. Com capacidade para 120 lugares, a casa tem um sal\u00e3o t\u00e9rreo, sushibar, robata grill e outro sushibar no primeiro andar. Com toque oriental est\u00e1 sendo executado jardim externo, onde ficar\u00e3o mesas protegidas por ombrelones.<br \/>\nCom a mesma madeira da ind\u00fastria n\u00e1utica a fachada \u00e9 feita de ripas, usadas tamb\u00e9m no interior da loja, num efeito leve, bonito e sofisticado, que por si s\u00f3, j\u00e1 \u00e9 capaz de fazer a casa bombar. Imagine os sabores.<\/p>\n","protected":false},"excerpt":{"rendered":"<p>N\u00e3o d\u00e1 mais para contar nos dedos quantas s\u00e3o as casas que servem sushi e sashimi em Bras\u00edlia. At\u00e9 churrascarias tiram proveito de sua fama. Isso pode at\u00e9 dar a (falsa) impress\u00e3o de que a cozinha japonesa se limita a essas receitas. S\u00f3 uma olhada mais atenta no card\u00e1pio se percebe o quanto \u00e9 amplo o repert\u00f3rio. Com certeza, a [&hellip;]<\/p>\n","protected":false},"author":54,"featured_media":2420,"comment_status":"open","ping_status":"open","sticky":false,"template":"","format":"standard","meta":{"footnotes":""},"categories":[1],"tags":[],"class_list":["post-2419","post","type-post","status-publish","format-standard","has-post-thumbnail","hentry","category-sem-categoria"],"_links":{"self":[{"href":"https:\/\/blogs.correiobraziliense.com.br\/lianasabo\/wp-json\/wp\/v2\/posts\/2419","targetHints":{"allow":["GET"]}}],"collection":[{"href":"https:\/\/blogs.correiobraziliense.com.br\/lianasabo\/wp-json\/wp\/v2\/posts"}],"about":[{"href":"https:\/\/blogs.correiobraziliense.com.br\/lianasabo\/wp-json\/wp\/v2\/types\/post"}],"author":[{"embeddable":true,"href":"https:\/\/blogs.correiobraziliense.com.br\/lianasabo\/wp-json\/wp\/v2\/users\/54"}],"replies":[{"embeddable":true,"href":"https:\/\/blogs.correiobraziliense.com.br\/lianasabo\/wp-json\/wp\/v2\/comments?post=2419"}],"version-history":[{"count":1,"href":"https:\/\/blogs.correiobraziliense.com.br\/lianasabo\/wp-json\/wp\/v2\/posts\/2419\/revisions"}],"predecessor-version":[{"id":2423,"href":"https:\/\/blogs.correiobraziliense.com.br\/lianasabo\/wp-json\/wp\/v2\/posts\/2419\/revisions\/2423"}],"wp:featuredmedia":[{"embeddable":true,"href":"https:\/\/blogs.correiobraziliense.com.br\/lianasabo\/wp-json\/wp\/v2\/media\/2420"}],"wp:attachment":[{"href":"https:\/\/blogs.correiobraziliense.com.br\/lianasabo\/wp-json\/wp\/v2\/media?parent=2419"}],"wp:term":[{"taxonomy":"category","embeddable":true,"href":"https:\/\/blogs.correiobraziliense.com.br\/lianasabo\/wp-json\/wp\/v2\/categories?post=2419"},{"taxonomy":"post_tag","embeddable":true,"href":"https:\/\/blogs.correiobraziliense.com.br\/lianasabo\/wp-json\/wp\/v2\/tags?post=2419"}],"curies":[{"name":"wp","href":"https:\/\/api.w.org\/{rel}","templated":true}]}}