{"id":2416,"date":"2018-06-29T15:00:21","date_gmt":"2018-06-29T18:00:21","guid":{"rendered":"https:\/\/blogs.correiobraziliense.com.br\/lianasabo\/?p=2416"},"modified":"2018-06-28T17:57:53","modified_gmt":"2018-06-28T20:57:53","slug":"belini-cafe-the-coffee-experience-oferece-microlotes-de-cafe-com-exclusividade","status":"publish","type":"post","link":"https:\/\/blogs.correiobraziliense.com.br\/lianasabo\/belini-cafe-the-coffee-experience-oferece-microlotes-de-cafe-com-exclusividade\/","title":{"rendered":"Belini Caf\u00e9 \u2013 The Coffee Experience oferece microlotes de caf\u00e9 com exclusividade"},"content":{"rendered":"<p>De t\u00e3o exclusivos, eles s\u00e3o produzidos em edi\u00e7\u00f5es limitadas de microlotes. Estamos falando de caf\u00e9, 100% ar\u00e1bica cultivado a 1.235m de altitude no sul de Minas pela Fazenda Mantissa, que lan\u00e7ou esta semana dois tipos de gr\u00e3os: Dias quentes e Noites frias. Eles v\u00eam do mesmo talh\u00e3o, mas os processos s\u00e3o distintos e se diferenciam nos processos de secagem e de torra.<\/p>\n<p>Enquanto o Dias quentes apresenta aroma doce, com notas de caramelo e chocolate e acidez c\u00edtrica, corpo licoroso, notas de frutas amarelas e toque de fundo de tofee, o Noites frias traz aroma picante de chocolate amargo, acidez c\u00edtrica, corpo cremoso, notas vermelhas, como amora, e ameixas pretas na finaliza\u00e7\u00e3o.<\/p>\n<p>Para o supervisor de qualidade da marca, Leonardo Cust\u00f3dio, \u201celes representam o dia e a noite, quentes e frias, o positivo e o negativo, ou seja, em seus processos extremos, se tornam opostos, por\u00e9m com um ponto de equil\u00edbrio\u201d. O novo produto est\u00e1 dispon\u00edvel na Belini Caf\u00e9 \u2013 The Coffee Experience (114 Sul), a R$ 39, a lata de 250g. Telefone: 3554-9004.<\/p>\n","protected":false},"excerpt":{"rendered":"<p>De t\u00e3o exclusivos, eles s\u00e3o produzidos em edi\u00e7\u00f5es limitadas de microlotes. Estamos falando de caf\u00e9, 100% ar\u00e1bica cultivado a 1.235m de altitude no sul de Minas pela Fazenda Mantissa, que lan\u00e7ou esta semana dois tipos de gr\u00e3os: Dias quentes e Noites frias. Eles v\u00eam do mesmo talh\u00e3o, mas os processos s\u00e3o distintos e se diferenciam nos processos de secagem e [&hellip;]<\/p>\n","protected":false},"author":54,"featured_media":2417,"comment_status":"open","ping_status":"open","sticky":false,"template":"","format":"standard","meta":{"footnotes":""},"categories":[1],"tags":[],"class_list":["post-2416","post","type-post","status-publish","format-standard","has-post-thumbnail","hentry","category-sem-categoria"],"_links":{"self":[{"href":"https:\/\/blogs.correiobraziliense.com.br\/lianasabo\/wp-json\/wp\/v2\/posts\/2416","targetHints":{"allow":["GET"]}}],"collection":[{"href":"https:\/\/blogs.correiobraziliense.com.br\/lianasabo\/wp-json\/wp\/v2\/posts"}],"about":[{"href":"https:\/\/blogs.correiobraziliense.com.br\/lianasabo\/wp-json\/wp\/v2\/types\/post"}],"author":[{"embeddable":true,"href":"https:\/\/blogs.correiobraziliense.com.br\/lianasabo\/wp-json\/wp\/v2\/users\/54"}],"replies":[{"embeddable":true,"href":"https:\/\/blogs.correiobraziliense.com.br\/lianasabo\/wp-json\/wp\/v2\/comments?post=2416"}],"version-history":[{"count":1,"href":"https:\/\/blogs.correiobraziliense.com.br\/lianasabo\/wp-json\/wp\/v2\/posts\/2416\/revisions"}],"predecessor-version":[{"id":2418,"href":"https:\/\/blogs.correiobraziliense.com.br\/lianasabo\/wp-json\/wp\/v2\/posts\/2416\/revisions\/2418"}],"wp:featuredmedia":[{"embeddable":true,"href":"https:\/\/blogs.correiobraziliense.com.br\/lianasabo\/wp-json\/wp\/v2\/media\/2417"}],"wp:attachment":[{"href":"https:\/\/blogs.correiobraziliense.com.br\/lianasabo\/wp-json\/wp\/v2\/media?parent=2416"}],"wp:term":[{"taxonomy":"category","embeddable":true,"href":"https:\/\/blogs.correiobraziliense.com.br\/lianasabo\/wp-json\/wp\/v2\/categories?post=2416"},{"taxonomy":"post_tag","embeddable":true,"href":"https:\/\/blogs.correiobraziliense.com.br\/lianasabo\/wp-json\/wp\/v2\/tags?post=2416"}],"curies":[{"name":"wp","href":"https:\/\/api.w.org\/{rel}","templated":true}]}}