{"id":2403,"date":"2018-06-22T16:00:47","date_gmt":"2018-06-22T19:00:47","guid":{"rendered":"https:\/\/blogs.correiobraziliense.com.br\/lianasabo\/?p=2403"},"modified":"2018-06-21T17:36:32","modified_gmt":"2018-06-21T20:36:32","slug":"festival-brasil-sabor-e-prorrogado-ate-domingo","status":"publish","type":"post","link":"https:\/\/blogs.correiobraziliense.com.br\/lianasabo\/festival-brasil-sabor-e-prorrogado-ate-domingo\/","title":{"rendered":"Festival Brasil Sabor \u00e9 prorrogado at\u00e9 domingo!"},"content":{"rendered":"<p>Para alegria dos gourmets da cidade, o Festival Brasil Sabor 2018 foi prorrogado e s\u00f3 acaba domingo com uma programa\u00e7\u00e3o paralela, que j\u00e1 ter\u00e1 in\u00edcio amanh\u00e3. Durante os dois dias, a Arena Gastron\u00f4mica, como se chama o projeto, ocupa o espa\u00e7o da Torre de TV, no hor\u00e1rio das 13h \u00e0s 22h, com oito estandes de comida (por at\u00e9 R$ 20) elaborada por chefs de restaurantes associados \u00e0 Abrasel DF, promotora do festival.<\/p>\n<p>Confirmaram presen\u00e7a o Algo Mais Buffet, Alfredo\u2019s Pizzaria, Eat Olivae, Godofredo, Johnnie Special Burger, La Rubia, Le Birosque e Siamo Noi (nhoque de batata-doce, na foto). Na mesma ocasi\u00e3o, ser\u00e1 realizado o PicniK Festival que traz diversas atra\u00e7\u00f5es, especialmente em mat\u00e9ria de m\u00fasica.<\/p>\n","protected":false},"excerpt":{"rendered":"<p>Para alegria dos gourmets da cidade, o Festival Brasil Sabor 2018 foi prorrogado e s\u00f3 acaba domingo com uma programa\u00e7\u00e3o paralela, que j\u00e1 ter\u00e1 in\u00edcio amanh\u00e3. Durante os dois dias, a Arena Gastron\u00f4mica, como se chama o projeto, ocupa o espa\u00e7o da Torre de TV, no hor\u00e1rio das 13h \u00e0s 22h, com oito estandes de comida (por at\u00e9 R$ 20) [&hellip;]<\/p>\n","protected":false},"author":54,"featured_media":2404,"comment_status":"open","ping_status":"open","sticky":false,"template":"","format":"standard","meta":{"footnotes":""},"categories":[1],"tags":[],"class_list":["post-2403","post","type-post","status-publish","format-standard","has-post-thumbnail","hentry","category-sem-categoria"],"_links":{"self":[{"href":"https:\/\/blogs.correiobraziliense.com.br\/lianasabo\/wp-json\/wp\/v2\/posts\/2403","targetHints":{"allow":["GET"]}}],"collection":[{"href":"https:\/\/blogs.correiobraziliense.com.br\/lianasabo\/wp-json\/wp\/v2\/posts"}],"about":[{"href":"https:\/\/blogs.correiobraziliense.com.br\/lianasabo\/wp-json\/wp\/v2\/types\/post"}],"author":[{"embeddable":true,"href":"https:\/\/blogs.correiobraziliense.com.br\/lianasabo\/wp-json\/wp\/v2\/users\/54"}],"replies":[{"embeddable":true,"href":"https:\/\/blogs.correiobraziliense.com.br\/lianasabo\/wp-json\/wp\/v2\/comments?post=2403"}],"version-history":[{"count":1,"href":"https:\/\/blogs.correiobraziliense.com.br\/lianasabo\/wp-json\/wp\/v2\/posts\/2403\/revisions"}],"predecessor-version":[{"id":2405,"href":"https:\/\/blogs.correiobraziliense.com.br\/lianasabo\/wp-json\/wp\/v2\/posts\/2403\/revisions\/2405"}],"wp:featuredmedia":[{"embeddable":true,"href":"https:\/\/blogs.correiobraziliense.com.br\/lianasabo\/wp-json\/wp\/v2\/media\/2404"}],"wp:attachment":[{"href":"https:\/\/blogs.correiobraziliense.com.br\/lianasabo\/wp-json\/wp\/v2\/media?parent=2403"}],"wp:term":[{"taxonomy":"category","embeddable":true,"href":"https:\/\/blogs.correiobraziliense.com.br\/lianasabo\/wp-json\/wp\/v2\/categories?post=2403"},{"taxonomy":"post_tag","embeddable":true,"href":"https:\/\/blogs.correiobraziliense.com.br\/lianasabo\/wp-json\/wp\/v2\/tags?post=2403"}],"curies":[{"name":"wp","href":"https:\/\/api.w.org\/{rel}","templated":true}]}}