{"id":2347,"date":"2018-06-07T12:00:40","date_gmt":"2018-06-07T15:00:40","guid":{"rendered":"https:\/\/blogs.correiobraziliense.com.br\/lianasabo\/?p=2347"},"modified":"2018-06-06T19:10:04","modified_gmt":"2018-06-06T22:10:04","slug":"experimente-culinaria-de-brasilia-em-jantar-beneficente","status":"publish","type":"post","link":"https:\/\/blogs.correiobraziliense.com.br\/lianasabo\/experimente-culinaria-de-brasilia-em-jantar-beneficente\/","title":{"rendered":"Experimente a culin\u00e1ria de Bras\u00edlia em jantar beneficente"},"content":{"rendered":"<p>O ponto alto do festival gastron\u00f4mico Brasil Sabor, que termina domingo, dia 10, ser\u00e1 a realiza\u00e7\u00e3o de um jantar nessa quinta-feira, dia 7, no Espa\u00e7o Bras\u00edlia (904 Sul), no qual ser\u00e1 servido um menu de quatro etapas preparado por renomados chefs com ingredientes locais. Para come\u00e7ar, o chef Gil Guimar\u00e3es oferece uma entradinha tipicamente napolitana feita com massa de pizza fermentada por 24 horas antes de ir ao forno. Chama-se fresella e resulta uma massa crocante coberta com produtos do cerrado: ricota de leite de cabra, tomates sweet grape, lim\u00e3o capeta, copa lombo artesanal e castanha de baru.<\/p>\n<p>A seguir, o chef Francisco Ansiliero prepara uma picanha de til\u00e1pia (oriunda do projeto Lake&#8217;s Fish da Serra da Mesa) empanada, servida com molho t\u00e1rtaro. O terceiro prato ser\u00e1 uma galinha caipira com creme de milho e farofa de carne de lata segundo receita especial executada pela chef Mara Alcamin.<\/p>\n<p>Termina com uma sobremesa do chef Lui Veronese, que desenvolveu bolo esponja de milho com sopa de chocolate branco, pequi e baru.<\/p>\n<p>Tudo por R$ 80 por pessoa. A organiza\u00e7\u00e3o pede que cada comensal leve um agasalho para ser entregue \u00e0 institui\u00e7\u00e3o Filhos do Brasil. \u00c1gua, suco e refri fazem parte do pacote, mas as bebidas alco\u00f3licas ser\u00e3o cobradas \u00e0 parte.<\/p>\n","protected":false},"excerpt":{"rendered":"<p>O ponto alto do festival gastron\u00f4mico Brasil Sabor, que termina domingo, dia 10, ser\u00e1 a realiza\u00e7\u00e3o de um jantar nessa quinta-feira, dia 7, no Espa\u00e7o Bras\u00edlia (904 Sul), no qual ser\u00e1 servido um menu de quatro etapas preparado por renomados chefs com ingredientes locais. Para come\u00e7ar, o chef Gil Guimar\u00e3es oferece uma entradinha tipicamente napolitana feita com massa de pizza [&hellip;]<\/p>\n","protected":false},"author":54,"featured_media":2348,"comment_status":"open","ping_status":"open","sticky":false,"template":"","format":"standard","meta":{"footnotes":""},"categories":[1],"tags":[],"class_list":["post-2347","post","type-post","status-publish","format-standard","has-post-thumbnail","hentry","category-sem-categoria"],"_links":{"self":[{"href":"https:\/\/blogs.correiobraziliense.com.br\/lianasabo\/wp-json\/wp\/v2\/posts\/2347","targetHints":{"allow":["GET"]}}],"collection":[{"href":"https:\/\/blogs.correiobraziliense.com.br\/lianasabo\/wp-json\/wp\/v2\/posts"}],"about":[{"href":"https:\/\/blogs.correiobraziliense.com.br\/lianasabo\/wp-json\/wp\/v2\/types\/post"}],"author":[{"embeddable":true,"href":"https:\/\/blogs.correiobraziliense.com.br\/lianasabo\/wp-json\/wp\/v2\/users\/54"}],"replies":[{"embeddable":true,"href":"https:\/\/blogs.correiobraziliense.com.br\/lianasabo\/wp-json\/wp\/v2\/comments?post=2347"}],"version-history":[{"count":1,"href":"https:\/\/blogs.correiobraziliense.com.br\/lianasabo\/wp-json\/wp\/v2\/posts\/2347\/revisions"}],"predecessor-version":[{"id":2349,"href":"https:\/\/blogs.correiobraziliense.com.br\/lianasabo\/wp-json\/wp\/v2\/posts\/2347\/revisions\/2349"}],"wp:featuredmedia":[{"embeddable":true,"href":"https:\/\/blogs.correiobraziliense.com.br\/lianasabo\/wp-json\/wp\/v2\/media\/2348"}],"wp:attachment":[{"href":"https:\/\/blogs.correiobraziliense.com.br\/lianasabo\/wp-json\/wp\/v2\/media?parent=2347"}],"wp:term":[{"taxonomy":"category","embeddable":true,"href":"https:\/\/blogs.correiobraziliense.com.br\/lianasabo\/wp-json\/wp\/v2\/categories?post=2347"},{"taxonomy":"post_tag","embeddable":true,"href":"https:\/\/blogs.correiobraziliense.com.br\/lianasabo\/wp-json\/wp\/v2\/tags?post=2347"}],"curies":[{"name":"wp","href":"https:\/\/api.w.org\/{rel}","templated":true}]}}