{"id":2341,"date":"2018-06-01T12:00:02","date_gmt":"2018-06-01T15:00:02","guid":{"rendered":"https:\/\/blogs.correiobraziliense.com.br\/lianasabo\/?p=2341"},"modified":"2018-05-31T17:30:21","modified_gmt":"2018-05-31T20:30:21","slug":"cafe-quanto-aposta-em-graos-nobres-na-103-norte","status":"publish","type":"post","link":"https:\/\/blogs.correiobraziliense.com.br\/lianasabo\/cafe-quanto-aposta-em-graos-nobres-na-103-norte\/","title":{"rendered":"Caf\u00e9 Quanto aposta em gr\u00e3os nobres, na 103 Norte"},"content":{"rendered":"<p>Apaixonado por caf\u00e9, o engenheiro Gustavo Pimentel estuda os gr\u00e3os do ouro negro h\u00e1 cinco anos. Tornou-se barista e cada vez mais exigente n\u00e3o usa caf\u00e9 com mais de 40 dias de torra para preservar o aroma e sabor da bebida. Todo esse cuidado voc\u00ea poder\u00e1 atestar no espa\u00e7o Quanto, que abriu as portas no \u00faltimo s\u00e1bado, na esquina de cima da 103 Norte.<\/p>\n<p>Gustavo tem como s\u00f3cia a prima Elaine Lina, e os dois consideram o empreendimento uma consequ\u00eancia natural da paix\u00e3o que trazem da inf\u00e2ncia, quando colhiam e torravam caf\u00e9 ajudando o av\u00f4 mineiro. O Quanto funciona de segunda a s\u00e1bado, das 8h \u00e0s 19h. Telefone: 99987-3188.<\/p>\n","protected":false},"excerpt":{"rendered":"<p>Apaixonado por caf\u00e9, o engenheiro Gustavo Pimentel estuda os gr\u00e3os do ouro negro h\u00e1 cinco anos. Tornou-se barista e cada vez mais exigente n\u00e3o usa caf\u00e9 com mais de 40 dias de torra para preservar o aroma e sabor da bebida. Todo esse cuidado voc\u00ea poder\u00e1 atestar no espa\u00e7o Quanto, que abriu as portas no \u00faltimo s\u00e1bado, na esquina de [&hellip;]<\/p>\n","protected":false},"author":54,"featured_media":2342,"comment_status":"open","ping_status":"open","sticky":false,"template":"","format":"standard","meta":{"footnotes":""},"categories":[1],"tags":[],"class_list":["post-2341","post","type-post","status-publish","format-standard","has-post-thumbnail","hentry","category-sem-categoria"],"_links":{"self":[{"href":"https:\/\/blogs.correiobraziliense.com.br\/lianasabo\/wp-json\/wp\/v2\/posts\/2341","targetHints":{"allow":["GET"]}}],"collection":[{"href":"https:\/\/blogs.correiobraziliense.com.br\/lianasabo\/wp-json\/wp\/v2\/posts"}],"about":[{"href":"https:\/\/blogs.correiobraziliense.com.br\/lianasabo\/wp-json\/wp\/v2\/types\/post"}],"author":[{"embeddable":true,"href":"https:\/\/blogs.correiobraziliense.com.br\/lianasabo\/wp-json\/wp\/v2\/users\/54"}],"replies":[{"embeddable":true,"href":"https:\/\/blogs.correiobraziliense.com.br\/lianasabo\/wp-json\/wp\/v2\/comments?post=2341"}],"version-history":[{"count":1,"href":"https:\/\/blogs.correiobraziliense.com.br\/lianasabo\/wp-json\/wp\/v2\/posts\/2341\/revisions"}],"predecessor-version":[{"id":2343,"href":"https:\/\/blogs.correiobraziliense.com.br\/lianasabo\/wp-json\/wp\/v2\/posts\/2341\/revisions\/2343"}],"wp:featuredmedia":[{"embeddable":true,"href":"https:\/\/blogs.correiobraziliense.com.br\/lianasabo\/wp-json\/wp\/v2\/media\/2342"}],"wp:attachment":[{"href":"https:\/\/blogs.correiobraziliense.com.br\/lianasabo\/wp-json\/wp\/v2\/media?parent=2341"}],"wp:term":[{"taxonomy":"category","embeddable":true,"href":"https:\/\/blogs.correiobraziliense.com.br\/lianasabo\/wp-json\/wp\/v2\/categories?post=2341"},{"taxonomy":"post_tag","embeddable":true,"href":"https:\/\/blogs.correiobraziliense.com.br\/lianasabo\/wp-json\/wp\/v2\/tags?post=2341"}],"curies":[{"name":"wp","href":"https:\/\/api.w.org\/{rel}","templated":true}]}}