{"id":2321,"date":"2018-05-25T10:57:19","date_gmt":"2018-05-25T13:57:19","guid":{"rendered":"https:\/\/blogs.correiobraziliense.com.br\/lianasabo\/?p=2321"},"modified":"2018-05-25T10:59:16","modified_gmt":"2018-05-25T13:59:16","slug":"festival-gastronomico-que-seria-realizado-no-iguatemi-neste-fim-de-semana-e-adiado","status":"publish","type":"post","link":"https:\/\/blogs.correiobraziliense.com.br\/lianasabo\/festival-gastronomico-que-seria-realizado-no-iguatemi-neste-fim-de-semana-e-adiado\/","title":{"rendered":"Festival Gastron\u00f4mico que seria realizado no Iguatemi neste fim de semana \u00e9 adiado"},"content":{"rendered":"<h2>O evento teve que mudar a data por conta das dificuldades ap\u00f3s a greve dos caminhoneiros. Saiba mais sobre a mudan\u00e7a de data do Festival Gastron\u00f4mico!<\/h2>\n<p>O Festival Gastron\u00f4mico do Iguatemi foi adiado. A informa\u00e7\u00e3o foi divulgada nesta sexta-feira (25\/5) pela assessoria de imprensa do shopping. De acordo com a nota, o evento, que seria realizado em 26 e 27 de maio, foi transferido para 2 e 3 de junho.<\/p>\n<p>A mudan\u00e7a ocorreu por conta das dificuldades de log\u00edstica do evento ap\u00f3s a greve dos caminhoneiros, que j\u00e1 dura cinco dias no pa\u00eds inteiro. A assessoria n\u00e3o informou se as atra\u00e7\u00f5es permanecem as mesmas. Saiba mais sobre o festival <a href=\"https:\/\/blogs.correiobraziliense.com.br\/lianasabo\/festival-gastronomico-no-iguatemi\/\">aqui<\/a>.<\/p>\n<h2>Confira a nota na \u00edntegra<\/h2>\n<p>O Iguatemi Bras\u00edlia informa que o Festival Gastron\u00f4mico previsto para os dias 26 e 27 de maio ser\u00e1 adiado para os dias 2 e 3 de junho. A mudan\u00e7a foi ocasionada por dificuldades de log\u00edstica, decorrentes da greve instalada no setor de transportes.<\/p>\n","protected":false},"excerpt":{"rendered":"<p>O evento teve que mudar a data por conta das dificuldades ap\u00f3s a greve dos caminhoneiros. Saiba mais sobre a mudan\u00e7a de data do Festival Gastron\u00f4mico! O Festival Gastron\u00f4mico do Iguatemi foi adiado. A informa\u00e7\u00e3o foi divulgada nesta sexta-feira (25\/5) pela assessoria de imprensa do shopping. De acordo com a nota, o evento, que seria realizado em 26 e 27 [&hellip;]<\/p>\n","protected":false},"author":54,"featured_media":0,"comment_status":"open","ping_status":"open","sticky":false,"template":"","format":"standard","meta":{"footnotes":""},"categories":[1],"tags":[],"class_list":["post-2321","post","type-post","status-publish","format-standard","hentry","category-sem-categoria"],"_links":{"self":[{"href":"https:\/\/blogs.correiobraziliense.com.br\/lianasabo\/wp-json\/wp\/v2\/posts\/2321","targetHints":{"allow":["GET"]}}],"collection":[{"href":"https:\/\/blogs.correiobraziliense.com.br\/lianasabo\/wp-json\/wp\/v2\/posts"}],"about":[{"href":"https:\/\/blogs.correiobraziliense.com.br\/lianasabo\/wp-json\/wp\/v2\/types\/post"}],"author":[{"embeddable":true,"href":"https:\/\/blogs.correiobraziliense.com.br\/lianasabo\/wp-json\/wp\/v2\/users\/54"}],"replies":[{"embeddable":true,"href":"https:\/\/blogs.correiobraziliense.com.br\/lianasabo\/wp-json\/wp\/v2\/comments?post=2321"}],"version-history":[{"count":2,"href":"https:\/\/blogs.correiobraziliense.com.br\/lianasabo\/wp-json\/wp\/v2\/posts\/2321\/revisions"}],"predecessor-version":[{"id":2324,"href":"https:\/\/blogs.correiobraziliense.com.br\/lianasabo\/wp-json\/wp\/v2\/posts\/2321\/revisions\/2324"}],"wp:attachment":[{"href":"https:\/\/blogs.correiobraziliense.com.br\/lianasabo\/wp-json\/wp\/v2\/media?parent=2321"}],"wp:term":[{"taxonomy":"category","embeddable":true,"href":"https:\/\/blogs.correiobraziliense.com.br\/lianasabo\/wp-json\/wp\/v2\/categories?post=2321"},{"taxonomy":"post_tag","embeddable":true,"href":"https:\/\/blogs.correiobraziliense.com.br\/lianasabo\/wp-json\/wp\/v2\/tags?post=2321"}],"curies":[{"name":"wp","href":"https:\/\/api.w.org\/{rel}","templated":true}]}}