{"id":2283,"date":"2018-05-12T10:00:34","date_gmt":"2018-05-12T13:00:34","guid":{"rendered":"https:\/\/blogs.correiobraziliense.com.br\/lianasabo\/?p=2283"},"modified":"2018-05-11T19:24:35","modified_gmt":"2018-05-11T22:24:35","slug":"sai-segundo-numero-da-mangiare","status":"publish","type":"post","link":"https:\/\/blogs.correiobraziliense.com.br\/lianasabo\/sai-segundo-numero-da-mangiare\/","title":{"rendered":"Sai segundo n\u00famero da Mangiare"},"content":{"rendered":"<p>J\u00e1 est\u00e1 circulando nos restaurantes e nos pontos tur\u00edsticos da cidade o segundo n\u00famero da revista <em>Mangiare<\/em>, gastronomia &amp; luxo, dirigida pela jornalista Maristela Valadares. \u00c9 ela quem assina a mat\u00e9ria de capa com o mega chef peruano Gast\u00f3n Acurio, um dos mais importantes nomes do setor. \u201cChegamos em Lima dia 21 de janeiro, no mesmo dia em que o Papa Francisco estava na cidade e j\u00e1 absorvemos ali uma b\u00ean\u00e7\u00e3o para entrevistarmos outro papa, esse da gastronomia da Am\u00e9rica Latina\u201d, conta a jornalista na apresenta\u00e7\u00e3o da mat\u00e9ria.<\/p>\n<p>A revista traz ainda o chef Francisco Ansiliero. Ele vai comemorar em julho 30 anos \u00e0 frente de seu restaurante, que deu origem a\u00a0uma rede respons\u00e1vel pela introdu\u00e7\u00e3o de nobres sabores na cidade, como do bacalhau, do azeite e do vinho. Outros destaques s\u00e3o Manuelzinho Pires, do Tejo, apontado como \u201co ma\u00eetre mais querido do Brasil\u201d; o restaurante Sant\u00e9, \u201ccontempor\u00e2neo e sofisticado\u201d e o \u00c1rabe Gourmet, que foca \u201ca cozinha afetiva de Dona Anice\u201d. A edi\u00e7\u00e3o ainda presta homenagem a Dino Gazzola, cinegrafista da TV Bras\u00edlia, que deixou um completo acervo sobre a cidade.<\/p>\n","protected":false},"excerpt":{"rendered":"<p>J\u00e1 est\u00e1 circulando nos restaurantes e nos pontos tur\u00edsticos da cidade o segundo n\u00famero da revista Mangiare, gastronomia &amp; luxo, dirigida pela jornalista Maristela Valadares. \u00c9 ela quem assina a mat\u00e9ria de capa com o mega chef peruano Gast\u00f3n Acurio, um dos mais importantes nomes do setor. \u201cChegamos em Lima dia 21 de janeiro, no mesmo dia em que o [&hellip;]<\/p>\n","protected":false},"author":57,"featured_media":2285,"comment_status":"open","ping_status":"open","sticky":false,"template":"","format":"standard","meta":{"footnotes":""},"categories":[1],"tags":[],"class_list":["post-2283","post","type-post","status-publish","format-standard","has-post-thumbnail","hentry","category-sem-categoria"],"_links":{"self":[{"href":"https:\/\/blogs.correiobraziliense.com.br\/lianasabo\/wp-json\/wp\/v2\/posts\/2283","targetHints":{"allow":["GET"]}}],"collection":[{"href":"https:\/\/blogs.correiobraziliense.com.br\/lianasabo\/wp-json\/wp\/v2\/posts"}],"about":[{"href":"https:\/\/blogs.correiobraziliense.com.br\/lianasabo\/wp-json\/wp\/v2\/types\/post"}],"author":[{"embeddable":true,"href":"https:\/\/blogs.correiobraziliense.com.br\/lianasabo\/wp-json\/wp\/v2\/users\/57"}],"replies":[{"embeddable":true,"href":"https:\/\/blogs.correiobraziliense.com.br\/lianasabo\/wp-json\/wp\/v2\/comments?post=2283"}],"version-history":[{"count":1,"href":"https:\/\/blogs.correiobraziliense.com.br\/lianasabo\/wp-json\/wp\/v2\/posts\/2283\/revisions"}],"predecessor-version":[{"id":2284,"href":"https:\/\/blogs.correiobraziliense.com.br\/lianasabo\/wp-json\/wp\/v2\/posts\/2283\/revisions\/2284"}],"wp:featuredmedia":[{"embeddable":true,"href":"https:\/\/blogs.correiobraziliense.com.br\/lianasabo\/wp-json\/wp\/v2\/media\/2285"}],"wp:attachment":[{"href":"https:\/\/blogs.correiobraziliense.com.br\/lianasabo\/wp-json\/wp\/v2\/media?parent=2283"}],"wp:term":[{"taxonomy":"category","embeddable":true,"href":"https:\/\/blogs.correiobraziliense.com.br\/lianasabo\/wp-json\/wp\/v2\/categories?post=2283"},{"taxonomy":"post_tag","embeddable":true,"href":"https:\/\/blogs.correiobraziliense.com.br\/lianasabo\/wp-json\/wp\/v2\/tags?post=2283"}],"curies":[{"name":"wp","href":"https:\/\/api.w.org\/{rel}","templated":true}]}}