{"id":2263,"date":"2018-05-04T11:00:17","date_gmt":"2018-05-04T14:00:17","guid":{"rendered":"https:\/\/blogs.correiobraziliense.com.br\/lianasabo\/?p=2263"},"modified":"2018-05-03T18:02:47","modified_gmt":"2018-05-03T21:02:47","slug":"casa-da-esperanca-participa-de-festival-de-comida-alema","status":"publish","type":"post","link":"https:\/\/blogs.correiobraziliense.com.br\/lianasabo\/casa-da-esperanca-participa-de-festival-de-comida-alema\/","title":{"rendered":"Casa da Esperan\u00e7a participa de festival de comida alem\u00e3"},"content":{"rendered":"<p>A Casa da Esperan\u00e7a, centro social luterano de atendimento junto a adolescentes em situa\u00e7\u00e3o de risco, localizada no Setor P, em Ceil\u00e2ndia Norte, que sempre participou do bazar europeu no estande da Embaixada da Alemanha, este ano ter\u00e1 um box pr\u00f3prio. Nele, vai oferecer Sp\u00e4tzle (esp\u00e9cie de nhoque de farinha de trigo, ovo e leite feito na \u00e1gua fervente) acompanhado de um substancioso molho goulash, de m\u00fasculo bovino picado e temperado com p\u00e1prica, por R$ 15. Trata-se de uma das mais tradicionais combina\u00e7\u00f5es gastron\u00f4micas do Leste Europeu.<br \/>\nAl\u00e9m da iguaria, a banca tamb\u00e9m servir\u00e1 Pretzel (biscoito t\u00edpico alem\u00e3o), bolos e cuca, informa a coordenadora do centro social, di\u00e1cona Elli Stoef. O bazar ser\u00e1 realizado s\u00e1bado, dia 12, na Cultura Inglesa, 709\/909 Sul, no hor\u00e1rio das 11h as 17h. Vamos l\u00e1!<\/p>\n","protected":false},"excerpt":{"rendered":"<p>A Casa da Esperan\u00e7a, centro social luterano de atendimento junto a adolescentes em situa\u00e7\u00e3o de risco, localizada no Setor P, em Ceil\u00e2ndia Norte, que sempre participou do bazar europeu no estande da Embaixada da Alemanha, este ano ter\u00e1 um box pr\u00f3prio. Nele, vai oferecer Sp\u00e4tzle (esp\u00e9cie de nhoque de farinha de trigo, ovo e leite feito na \u00e1gua fervente) acompanhado [&hellip;]<\/p>\n","protected":false},"author":54,"featured_media":0,"comment_status":"open","ping_status":"open","sticky":false,"template":"","format":"standard","meta":{"footnotes":""},"categories":[1],"tags":[],"class_list":["post-2263","post","type-post","status-publish","format-standard","hentry","category-sem-categoria"],"_links":{"self":[{"href":"https:\/\/blogs.correiobraziliense.com.br\/lianasabo\/wp-json\/wp\/v2\/posts\/2263","targetHints":{"allow":["GET"]}}],"collection":[{"href":"https:\/\/blogs.correiobraziliense.com.br\/lianasabo\/wp-json\/wp\/v2\/posts"}],"about":[{"href":"https:\/\/blogs.correiobraziliense.com.br\/lianasabo\/wp-json\/wp\/v2\/types\/post"}],"author":[{"embeddable":true,"href":"https:\/\/blogs.correiobraziliense.com.br\/lianasabo\/wp-json\/wp\/v2\/users\/54"}],"replies":[{"embeddable":true,"href":"https:\/\/blogs.correiobraziliense.com.br\/lianasabo\/wp-json\/wp\/v2\/comments?post=2263"}],"version-history":[{"count":1,"href":"https:\/\/blogs.correiobraziliense.com.br\/lianasabo\/wp-json\/wp\/v2\/posts\/2263\/revisions"}],"predecessor-version":[{"id":2264,"href":"https:\/\/blogs.correiobraziliense.com.br\/lianasabo\/wp-json\/wp\/v2\/posts\/2263\/revisions\/2264"}],"wp:attachment":[{"href":"https:\/\/blogs.correiobraziliense.com.br\/lianasabo\/wp-json\/wp\/v2\/media?parent=2263"}],"wp:term":[{"taxonomy":"category","embeddable":true,"href":"https:\/\/blogs.correiobraziliense.com.br\/lianasabo\/wp-json\/wp\/v2\/categories?post=2263"},{"taxonomy":"post_tag","embeddable":true,"href":"https:\/\/blogs.correiobraziliense.com.br\/lianasabo\/wp-json\/wp\/v2\/tags?post=2263"}],"curies":[{"name":"wp","href":"https:\/\/api.w.org\/{rel}","templated":true}]}}