{"id":2245,"date":"2018-04-27T12:00:29","date_gmt":"2018-04-27T15:00:29","guid":{"rendered":"https:\/\/blogs.correiobraziliense.com.br\/lianasabo\/?p=2245"},"modified":"2018-04-26T16:50:23","modified_gmt":"2018-04-26T19:50:23","slug":"chef-dinamarques-simon-lau-cederholm-prepara-banquete-para-o-feriado","status":"publish","type":"post","link":"https:\/\/blogs.correiobraziliense.com.br\/lianasabo\/chef-dinamarques-simon-lau-cederholm-prepara-banquete-para-o-feriado\/","title":{"rendered":"Chef dinamarqu\u00eas Simon Lau Cederholm prepara banquete para o feriado"},"content":{"rendered":"<p>Rec\u00e9m-chegado da Escandin\u00e1via com a mala cheia de especialidades (naturalmente aquelas que a alf\u00e2ndega permite), o chef dinamarqu\u00eas Simon Lau Cederholm j\u00e1 tem pronto menu de um banquete que vai preparar no almo\u00e7o do dia 1\u00ba de maio. Ele sugere, inclusive, os vinhos para harmonizar com os pratos, a partir de um borscht gelado com mexilh\u00f5es de Florian\u00f3polis, que vai muito bem com o Riesling americano Ch\u00e2teau Ste. Michelle.<\/p>\n<p>Ligeiramente adocicado e fresco o mesmo vinho, produzido no estado de Washington, acompanha o salm\u00e3o defumado com creme de Rygeost (queijo defumado) da ilha de Fi\u00f4nia, rabanetes e crocante de p\u00e3o preto. O prato principal ser\u00e1 um boeuf bearnaise, com aspargos grelhados regado a um Carmen\u00e8re Reserva 2016 do Chile. Para escoltar queijos europeus \u2014 como o de leite de vaca com cristais, da Dinamarca; serra da Estrela, de Portugal e o queijo azul, outro dinamarqu\u00eas \u2014, servidos com biscoito da ilha de Bornholm, geleia de cajuzinho do mato e mel com baunilha do cerrado, vir\u00e1 um vinho org\u00e2nico Adobe Gew\u00fcrztraminer, do Vale do Rapel, no Chile.<\/p>\n<p>Encerra a degusta\u00e7\u00e3o gastron\u00f4mica uma sobremesa de frutas vermelhas, macarrons e leite de coco fresco harmonizado com o Justino`s Boal, de uma das mais antigas vin\u00edcolas estabelecidas desde 1870, na Ilha da Madeira produzindo o portugu\u00eas fortificado t\u00edpico do lugar. Com vinho sai tudo por R$ 380 e sem a bebida por R$ 250. Reservas podem ser feitas por e-mail (reservas@restauranteaquavit.com) ou com o chef Simon pelo telefone 99167-0000.<\/p>\n","protected":false},"excerpt":{"rendered":"<p>Rec\u00e9m-chegado da Escandin\u00e1via com a mala cheia de especialidades (naturalmente aquelas que a alf\u00e2ndega permite), o chef dinamarqu\u00eas Simon Lau Cederholm j\u00e1 tem pronto menu de um banquete que vai preparar no almo\u00e7o do dia 1\u00ba de maio. Ele sugere, inclusive, os vinhos para harmonizar com os pratos, a partir de um borscht gelado com mexilh\u00f5es de Florian\u00f3polis, que vai [&hellip;]<\/p>\n","protected":false},"author":57,"featured_media":2246,"comment_status":"open","ping_status":"open","sticky":false,"template":"","format":"standard","meta":{"footnotes":""},"categories":[1],"tags":[],"class_list":["post-2245","post","type-post","status-publish","format-standard","has-post-thumbnail","hentry","category-sem-categoria"],"_links":{"self":[{"href":"https:\/\/blogs.correiobraziliense.com.br\/lianasabo\/wp-json\/wp\/v2\/posts\/2245","targetHints":{"allow":["GET"]}}],"collection":[{"href":"https:\/\/blogs.correiobraziliense.com.br\/lianasabo\/wp-json\/wp\/v2\/posts"}],"about":[{"href":"https:\/\/blogs.correiobraziliense.com.br\/lianasabo\/wp-json\/wp\/v2\/types\/post"}],"author":[{"embeddable":true,"href":"https:\/\/blogs.correiobraziliense.com.br\/lianasabo\/wp-json\/wp\/v2\/users\/57"}],"replies":[{"embeddable":true,"href":"https:\/\/blogs.correiobraziliense.com.br\/lianasabo\/wp-json\/wp\/v2\/comments?post=2245"}],"version-history":[{"count":1,"href":"https:\/\/blogs.correiobraziliense.com.br\/lianasabo\/wp-json\/wp\/v2\/posts\/2245\/revisions"}],"predecessor-version":[{"id":2247,"href":"https:\/\/blogs.correiobraziliense.com.br\/lianasabo\/wp-json\/wp\/v2\/posts\/2245\/revisions\/2247"}],"wp:featuredmedia":[{"embeddable":true,"href":"https:\/\/blogs.correiobraziliense.com.br\/lianasabo\/wp-json\/wp\/v2\/media\/2246"}],"wp:attachment":[{"href":"https:\/\/blogs.correiobraziliense.com.br\/lianasabo\/wp-json\/wp\/v2\/media?parent=2245"}],"wp:term":[{"taxonomy":"category","embeddable":true,"href":"https:\/\/blogs.correiobraziliense.com.br\/lianasabo\/wp-json\/wp\/v2\/categories?post=2245"},{"taxonomy":"post_tag","embeddable":true,"href":"https:\/\/blogs.correiobraziliense.com.br\/lianasabo\/wp-json\/wp\/v2\/tags?post=2245"}],"curies":[{"name":"wp","href":"https:\/\/api.w.org\/{rel}","templated":true}]}}