{"id":2230,"date":"2018-04-20T17:57:39","date_gmt":"2018-04-20T20:57:39","guid":{"rendered":"https:\/\/blogs.correiobraziliense.com.br\/lianasabo\/?p=2230"},"modified":"2018-04-20T18:15:17","modified_gmt":"2018-04-20T21:15:17","slug":"festa-bombada-anima-brasilia-no-aniversario","status":"publish","type":"post","link":"https:\/\/blogs.correiobraziliense.com.br\/lianasabo\/festa-bombada-anima-brasilia-no-aniversario\/","title":{"rendered":"Festa bombada anima Bras\u00edlia no anivers\u00e1rio"},"content":{"rendered":"<p>Antes de se tornar sessentona, Bras\u00edlia ganha uma festa espetacular, na qual a juventude dorada da capital e o p\u00fablico j\u00e1 nem t\u00e3o jovem v\u00e3o ficar deslumbrados com as experi\u00eancias e sabores que a tem\u00e1tica \u201ca descoberta do ser\u201d promete oferecer. O feriado de 21 de abril foi a data escolhida para a terceira edi\u00e7\u00e3o da Surreal, um grande evento a ter lugar na Torre Digital, um dos monumentos mais ousados da cidade, com dura\u00e7\u00e3o de 10 horas, das 23h59 \u00e0s 10h.<\/p>\n<p>A fama da festa atravessou fronteiras, tanto que quase a metade dos participantes vir\u00e1 de fora do Distrito Federal. Est\u00e3o previstas mais de 24 atra\u00e7\u00f5es e muitas coisas que eles v\u00e3o ver ser\u00e3o surpresas. A cenografia est\u00e1 baseada na dobradinha raz\u00e3oXemo\u00e7\u00e3o.<\/p>\n<p><strong>Chefs e comidas<\/strong><\/p>\n<p>Como nas edi\u00e7\u00f5es anteriores, a festa ter\u00e1 uma forte pegada gastron\u00f4mica, que ao lado da m\u00fasica dos Djs constituem as duas principais vertentes do Surreal. Gourmets poder\u00e3o se distribuir por tr\u00eas ambientes distintos: hip hop, cl\u00e1ssico e hi tech. O primeiro ser\u00e1 assinado pelo Ricco Burger, que criou mini-hamb\u00fargueres especiais, como o p\u00e3o roxo que traz o toque street style.<\/p>\n<p>Treinado nos Estados Unidos, o chef Paulo Tarso exibir\u00e1 sua elegante arte culin\u00e1ria no espa\u00e7o Cl\u00e1ssico com um prato exclusivo: Quem matou meu unic\u00f3rnio? O pr\u00f3prio chef explica que se trata \u201cde um pur\u00ea surreal com polpetines de kobe recheados com fondue de queijo e redu\u00e7\u00e3o de vinho tinto acompanhados de picles de cebola roxa e chips de beterraba\u201d<\/p>\n<p>O terceiro ambiente Hi Tech reflete a experi\u00eancia obtida pelo chef Thiago Para\u00edso, de 26 anos, em cozinhas da Austr\u00e1lia e Sui\u00e7a. Ele elegeu para servir uma s\u00edntese dos pratos mais pedidos em seus dois restaurantes de sucesso: Ouri\u00e7o e Saveur.<\/p>\n<p>No menu de Paraiso, h\u00e1 tartare de atum com palha de batata, servido no Ouri\u00e7o e croquete de coelho com amora e maionese de pimenta, do Saveur. Tudo regado a bebidas de primeir\u00edssima linha.<\/p>\n","protected":false},"excerpt":{"rendered":"<p>Antes de se tornar sessentona, Bras\u00edlia ganha uma festa espetacular, na qual a juventude dorada da capital e o p\u00fablico j\u00e1 nem t\u00e3o jovem v\u00e3o ficar deslumbrados com as experi\u00eancias e sabores que a tem\u00e1tica \u201ca descoberta do ser\u201d promete oferecer. O feriado de 21 de abril foi a data escolhida para a terceira edi\u00e7\u00e3o da Surreal, um grande evento [&hellip;]<\/p>\n","protected":false},"author":54,"featured_media":2231,"comment_status":"open","ping_status":"open","sticky":false,"template":"","format":"standard","meta":{"footnotes":""},"categories":[1],"tags":[],"class_list":["post-2230","post","type-post","status-publish","format-standard","has-post-thumbnail","hentry","category-sem-categoria"],"_links":{"self":[{"href":"https:\/\/blogs.correiobraziliense.com.br\/lianasabo\/wp-json\/wp\/v2\/posts\/2230","targetHints":{"allow":["GET"]}}],"collection":[{"href":"https:\/\/blogs.correiobraziliense.com.br\/lianasabo\/wp-json\/wp\/v2\/posts"}],"about":[{"href":"https:\/\/blogs.correiobraziliense.com.br\/lianasabo\/wp-json\/wp\/v2\/types\/post"}],"author":[{"embeddable":true,"href":"https:\/\/blogs.correiobraziliense.com.br\/lianasabo\/wp-json\/wp\/v2\/users\/54"}],"replies":[{"embeddable":true,"href":"https:\/\/blogs.correiobraziliense.com.br\/lianasabo\/wp-json\/wp\/v2\/comments?post=2230"}],"version-history":[{"count":1,"href":"https:\/\/blogs.correiobraziliense.com.br\/lianasabo\/wp-json\/wp\/v2\/posts\/2230\/revisions"}],"predecessor-version":[{"id":2232,"href":"https:\/\/blogs.correiobraziliense.com.br\/lianasabo\/wp-json\/wp\/v2\/posts\/2230\/revisions\/2232"}],"wp:featuredmedia":[{"embeddable":true,"href":"https:\/\/blogs.correiobraziliense.com.br\/lianasabo\/wp-json\/wp\/v2\/media\/2231"}],"wp:attachment":[{"href":"https:\/\/blogs.correiobraziliense.com.br\/lianasabo\/wp-json\/wp\/v2\/media?parent=2230"}],"wp:term":[{"taxonomy":"category","embeddable":true,"href":"https:\/\/blogs.correiobraziliense.com.br\/lianasabo\/wp-json\/wp\/v2\/categories?post=2230"},{"taxonomy":"post_tag","embeddable":true,"href":"https:\/\/blogs.correiobraziliense.com.br\/lianasabo\/wp-json\/wp\/v2\/tags?post=2230"}],"curies":[{"name":"wp","href":"https:\/\/api.w.org\/{rel}","templated":true}]}}