{"id":2215,"date":"2018-04-20T10:00:01","date_gmt":"2018-04-20T13:00:01","guid":{"rendered":"https:\/\/blogs.correiobraziliense.com.br\/lianasabo\/?p=2215"},"modified":"2018-04-19T18:03:51","modified_gmt":"2018-04-19T21:03:51","slug":"brasilia-ganha-primeiro-bar-de-queijos-o-teta-cheese","status":"publish","type":"post","link":"https:\/\/blogs.correiobraziliense.com.br\/lianasabo\/brasilia-ganha-primeiro-bar-de-queijos-o-teta-cheese\/","title":{"rendered":"Bras\u00edlia ganha primeiro bar de queijos, o Teta Cheese"},"content":{"rendered":"<p>Bras\u00edlia ganha, agora nos seus 58 anos, um endere\u00e7o dedicado somente aos queijos, grande parte produzida com leite cru. \u00c9 uma lojinha na 103 Sul com o sugestivo nome Teta Cheese Bar, lugar acolhedor onde o visual, os aromas e os sabores conspiram para surpreender. L\u00e1, voc\u00ea pode escolher o produto para levar para casa. Mais que isso, pode degustar pratos elaborados com queijo e harmoniz\u00e1-los n\u00e3o s\u00f3 com o companheiro ideal, que \u00e9 o vinho, mas tamb\u00e9m com cervejas, que \u00e9 a inovadora proposta.<br \/>\nO primeiro bar de queijo da cidade ainda tem outra caracter\u00edstica: nada de produtos industrializados, imita\u00e7\u00f5es de gorgonzola ou marcas importadas. A casa oferece somente&#8230; queijos brasileiros, produzidos a maioria em pequenas propriedades rurais.<\/p>\n<h3>Descoberta<\/h3>\n<p>Aberto h\u00e1 um m\u00eas, o neg\u00f3cio \u00e9 fruto da parceria de mineira de Uberl\u00e2ndia, Marina Cavechia, do publicit\u00e1rio ga\u00facho Andr\u00e9 Vasquez e do designer gr\u00e1fico igualmente mineiro Pablo Julio. Formada em jornalismo, (come\u00e7ou no Rio Grande do Sul e concluiu o curso em Bras\u00edlia), Marina foi estagi\u00e1ria do Correio Braziliense, mas h\u00e1 seis anos se interessou primeiro por cerveja (tem curso de sommeli\u00e8re), depois por queijo. Quando conheceu a loja A Queijaria, de Fernando Oliveira, na Vila Madalena, em S\u00e3o Paulo, focada somente em queijos brasileiros, \u201cpirei e vi que existia um universo de queijo a ser descoberto\u201d.<br \/>\nAssim que vagou a loja, anteriormente ocupada pelo restaurante In\u00e1cia, Marina alugou h\u00e1 8 meses e deu in\u00edcio \u00e0 reforma, na qual a empresa Bloco Arquitetos estendeu o p\u00e9 direito, abriu uma janela e colocou mesas no jardim.<\/p>\n<figure id=\"attachment_2217\" aria-describedby=\"caption-attachment-2217\" style=\"width: 800px\" class=\"wp-caption aligncenter\"><a href=\"https:\/\/blogs.correiobraziliense.com.br\/lianasabo\/wp-content\/uploads\/sites\/25\/2018\/04\/CBPFOT160420181192.jpg\" rel=\"attachment wp-att-2217\"><img loading=\"lazy\" decoding=\"async\" class=\"size-full wp-image-2217\" src=\"https:\/\/blogs.correiobraziliense.com.br\/lianasabo\/wp-content\/uploads\/sites\/25\/2018\/04\/CBPFOT160420181192.jpg\" alt=\"16\/04\/2018. Credito: Liana Sabo\/CB\/D.A. Press. Brasil. Brasilia - DF. Favas Contadas. Pablo Julio, Marina Cavechia e Andre Vasquez, socios da Teta Cheese Bar, na Superquadra 103 Sul.\" width=\"800\" height=\"800\" srcset=\"https:\/\/blogs.correiobraziliense.com.br\/lianasabo\/wp-content\/uploads\/sites\/25\/2018\/04\/CBPFOT160420181192.jpg 800w, https:\/\/blogs.correiobraziliense.com.br\/lianasabo\/wp-content\/uploads\/sites\/25\/2018\/04\/CBPFOT160420181192-150x150.jpg 150w, https:\/\/blogs.correiobraziliense.com.br\/lianasabo\/wp-content\/uploads\/sites\/25\/2018\/04\/CBPFOT160420181192-300x300.jpg 300w, https:\/\/blogs.correiobraziliense.com.br\/lianasabo\/wp-content\/uploads\/sites\/25\/2018\/04\/CBPFOT160420181192-768x768.jpg 768w, https:\/\/blogs.correiobraziliense.com.br\/lianasabo\/wp-content\/uploads\/sites\/25\/2018\/04\/CBPFOT160420181192-550x550.jpg 550w, https:\/\/blogs.correiobraziliense.com.br\/lianasabo\/wp-content\/uploads\/sites\/25\/2018\/04\/CBPFOT160420181192-230x230.jpg 230w\" sizes=\"auto, (max-width: 800px) 100vw, 800px\" \/><\/a><figcaption id=\"caption-attachment-2217\" class=\"wp-caption-text\">16\/04\/2018. Credito: Liana Sabo\/CB\/D.A. Press. Brasil. Brasilia &#8211; DF. Favas Contadas. Pablo Julio, Marina Cavechia e Andre Vasquez, socios da Teta Cheese Bar, na Superquadra 103 Sul.<\/figcaption><\/figure>\n<h3>Destaques<\/h3>\n<p>S\u00e3o cerca de 50 tipos de queijos regionais autenticamente brasileiros ou de estilo europeu, produzidos em Minas Gerais, S\u00e3o Paulo, Santa Catarina, Distrito Federal e Goi\u00e1s, como a Fazenda Vale do Roncador, na Cidade Ocidental, onde Jos\u00e9 Am\u00e9rico faz queijos em parceria com Marina. Segundo ela, por n\u00e3o terem tradi\u00e7\u00e3o, v\u00eam do territ\u00f3rio paulista os queijos mais inovadores. O Capril do Bosque, por exemplo, a 120km de S\u00e3o Paulo produz o Azul do Bosque, delicioso queijo de massa cremosa, potente e de mofo azul. Outro muito top \u00e9 o de leite de b\u00fafala cru curado com cacha\u00e7a de Cataia, feito em Jacupiranga (SP), que combina com a cerveja Saison.<br \/>\nGra\u00e7as a um menu pedag\u00f3gico, voc\u00ea pode selecionar as por\u00e7\u00f5es (todas pesam de 50g a 60g) e montar a sua t\u00e1bua de queijos suaves, macios e intensos, curadinhos e extra-curados. Os pre\u00e7os das por\u00e7\u00f5es variam de R$ 14, como o queijo do Bello e Fazenda Canastra, ambos de Minas, a R$ 30, o Azul do Bosque.<\/p>\n<h3>Pratos quentes<\/h3>\n<p>O card\u00e1pio foi desenvolvido com a participa\u00e7\u00e3o do consultor gastron\u00f4mico Gabriel Rog\u00e9rio. Come\u00e7a por entradas frias, como vinagrete de polvo (R$ 48); carpaccio de beterraba com boursin de queijo de cabra (R$ 18) e torre de abobrinha com o cabra fresco (R$ 28), passa por entradinhas quentes como queijo assado, croquetes de pastrami e bombons de mu\u00e7arela de b\u00fafala empanados (R$ 25) e chega aos pratos quentes com pastas e carne. Polenta cremosa com rag\u00fa de lingui\u00e7a vem com queijo tulha por R$ 30, enquanto arroz caldoso de costela cozida por oito horas at\u00e9 desfiar (R$ 36). O restaurante funciona de quinta a s\u00e1bado, a partir das 17h, mas a loja abre de ter\u00e7a a s\u00e1bado, a partir das 11h. Telefone: 3554-6970.<\/p>\n","protected":false},"excerpt":{"rendered":"<p>Bras\u00edlia ganha, agora nos seus 58 anos, um endere\u00e7o dedicado somente aos queijos, grande parte produzida com leite cru. \u00c9 uma lojinha na 103 Sul com o sugestivo nome Teta Cheese Bar, lugar acolhedor onde o visual, os aromas e os sabores conspiram para surpreender. L\u00e1, voc\u00ea pode escolher o produto para levar para casa. Mais que isso, pode degustar [&hellip;]<\/p>\n","protected":false},"author":54,"featured_media":2216,"comment_status":"open","ping_status":"open","sticky":false,"template":"","format":"standard","meta":{"footnotes":""},"categories":[1],"tags":[],"class_list":["post-2215","post","type-post","status-publish","format-standard","has-post-thumbnail","hentry","category-sem-categoria"],"_links":{"self":[{"href":"https:\/\/blogs.correiobraziliense.com.br\/lianasabo\/wp-json\/wp\/v2\/posts\/2215","targetHints":{"allow":["GET"]}}],"collection":[{"href":"https:\/\/blogs.correiobraziliense.com.br\/lianasabo\/wp-json\/wp\/v2\/posts"}],"about":[{"href":"https:\/\/blogs.correiobraziliense.com.br\/lianasabo\/wp-json\/wp\/v2\/types\/post"}],"author":[{"embeddable":true,"href":"https:\/\/blogs.correiobraziliense.com.br\/lianasabo\/wp-json\/wp\/v2\/users\/54"}],"replies":[{"embeddable":true,"href":"https:\/\/blogs.correiobraziliense.com.br\/lianasabo\/wp-json\/wp\/v2\/comments?post=2215"}],"version-history":[{"count":1,"href":"https:\/\/blogs.correiobraziliense.com.br\/lianasabo\/wp-json\/wp\/v2\/posts\/2215\/revisions"}],"predecessor-version":[{"id":2218,"href":"https:\/\/blogs.correiobraziliense.com.br\/lianasabo\/wp-json\/wp\/v2\/posts\/2215\/revisions\/2218"}],"wp:featuredmedia":[{"embeddable":true,"href":"https:\/\/blogs.correiobraziliense.com.br\/lianasabo\/wp-json\/wp\/v2\/media\/2216"}],"wp:attachment":[{"href":"https:\/\/blogs.correiobraziliense.com.br\/lianasabo\/wp-json\/wp\/v2\/media?parent=2215"}],"wp:term":[{"taxonomy":"category","embeddable":true,"href":"https:\/\/blogs.correiobraziliense.com.br\/lianasabo\/wp-json\/wp\/v2\/categories?post=2215"},{"taxonomy":"post_tag","embeddable":true,"href":"https:\/\/blogs.correiobraziliense.com.br\/lianasabo\/wp-json\/wp\/v2\/tags?post=2215"}],"curies":[{"name":"wp","href":"https:\/\/api.w.org\/{rel}","templated":true}]}}