{"id":2207,"date":"2018-04-16T18:28:06","date_gmt":"2018-04-16T21:28:06","guid":{"rendered":"https:\/\/blogs.correiobraziliense.com.br\/lianasabo\/?p=2207"},"modified":"2018-04-16T18:28:06","modified_gmt":"2018-04-16T21:28:06","slug":"jazz-e-vinho-animam-o-balcony-nessa-terca-17-de-abril","status":"publish","type":"post","link":"https:\/\/blogs.correiobraziliense.com.br\/lianasabo\/jazz-e-vinho-animam-o-balcony-nessa-terca-17-de-abril\/","title":{"rendered":"Jazz e vinho animam o Balcony nessa ter\u00e7a, 17 de abril"},"content":{"rendered":"<p>Nada combina mais com jazz que vinho. O gastr\u00f4nomo Jos\u00e9 Luis Paix\u00e3o escolheu a dedo vinhos do Chile e da It\u00e1lia para servir ter\u00e7a-feira, 17, em seu BalcoNY (412 Sul), enquanto voc\u00ea poder\u00e1 curtir o som do Jazz Trio que toca na casa.<\/p>\n<p>A degusta\u00e7\u00e3o come\u00e7a pelos r\u00f3tulos produzidos no Vale Central pela vin\u00edcola Ataya, com os brancos Sauvignon Blanc Reserva e Chardonnay Grand Reserva. Inaugura os tintos um Pinot Noir seguido de Malbec, ambos Reserva e chega aos tops Carmen\u00e8re e Cabernet Sauvignon.<\/p>\n<p>J\u00e1 da It\u00e1lia ser\u00e3o servidos os vinhos de sobremesa produzidos pela Terreda Vino: Dolcetto D`Alba e Barbera D`Alba. Para acompanhar, a casa oferece uma sele\u00e7\u00e3o de queijos e frios, como salaminho, al\u00e9m de p\u00e3es, azeitonas e o arroz de pato, uma receita original do BalcoNY 412. Reservas pelo telefone: 3245-5535.<\/p>\n","protected":false},"excerpt":{"rendered":"<p>Nada combina mais com jazz que vinho. O gastr\u00f4nomo Jos\u00e9 Luis Paix\u00e3o escolheu a dedo vinhos do Chile e da It\u00e1lia para servir ter\u00e7a-feira, 17, em seu BalcoNY (412 Sul), enquanto voc\u00ea poder\u00e1 curtir o som do Jazz Trio que toca na casa. A degusta\u00e7\u00e3o come\u00e7a pelos r\u00f3tulos produzidos no Vale Central pela vin\u00edcola Ataya, com os brancos Sauvignon Blanc [&hellip;]<\/p>\n","protected":false},"author":54,"featured_media":2208,"comment_status":"open","ping_status":"open","sticky":false,"template":"","format":"standard","meta":{"footnotes":""},"categories":[1],"tags":[],"class_list":["post-2207","post","type-post","status-publish","format-standard","has-post-thumbnail","hentry","category-sem-categoria"],"_links":{"self":[{"href":"https:\/\/blogs.correiobraziliense.com.br\/lianasabo\/wp-json\/wp\/v2\/posts\/2207","targetHints":{"allow":["GET"]}}],"collection":[{"href":"https:\/\/blogs.correiobraziliense.com.br\/lianasabo\/wp-json\/wp\/v2\/posts"}],"about":[{"href":"https:\/\/blogs.correiobraziliense.com.br\/lianasabo\/wp-json\/wp\/v2\/types\/post"}],"author":[{"embeddable":true,"href":"https:\/\/blogs.correiobraziliense.com.br\/lianasabo\/wp-json\/wp\/v2\/users\/54"}],"replies":[{"embeddable":true,"href":"https:\/\/blogs.correiobraziliense.com.br\/lianasabo\/wp-json\/wp\/v2\/comments?post=2207"}],"version-history":[{"count":1,"href":"https:\/\/blogs.correiobraziliense.com.br\/lianasabo\/wp-json\/wp\/v2\/posts\/2207\/revisions"}],"predecessor-version":[{"id":2209,"href":"https:\/\/blogs.correiobraziliense.com.br\/lianasabo\/wp-json\/wp\/v2\/posts\/2207\/revisions\/2209"}],"wp:featuredmedia":[{"embeddable":true,"href":"https:\/\/blogs.correiobraziliense.com.br\/lianasabo\/wp-json\/wp\/v2\/media\/2208"}],"wp:attachment":[{"href":"https:\/\/blogs.correiobraziliense.com.br\/lianasabo\/wp-json\/wp\/v2\/media?parent=2207"}],"wp:term":[{"taxonomy":"category","embeddable":true,"href":"https:\/\/blogs.correiobraziliense.com.br\/lianasabo\/wp-json\/wp\/v2\/categories?post=2207"},{"taxonomy":"post_tag","embeddable":true,"href":"https:\/\/blogs.correiobraziliense.com.br\/lianasabo\/wp-json\/wp\/v2\/tags?post=2207"}],"curies":[{"name":"wp","href":"https:\/\/api.w.org\/{rel}","templated":true}]}}