{"id":2196,"date":"2018-04-14T14:52:32","date_gmt":"2018-04-14T17:52:32","guid":{"rendered":"https:\/\/blogs.correiobraziliense.com.br\/lianasabo\/?p=2196"},"modified":"2018-04-13T14:56:04","modified_gmt":"2018-04-13T17:56:04","slug":"comecou-festival-que-vai-eleger-melhor-comida-de-boteco","status":"publish","type":"post","link":"https:\/\/blogs.correiobraziliense.com.br\/lianasabo\/comecou-festival-que-vai-eleger-melhor-comida-de-boteco\/","title":{"rendered":"Come\u00e7ou festival que vai eleger a melhor comida de boteco"},"content":{"rendered":"<p>H\u00e1 quase 20 anos o brasileiro \u00e9 surpreendido todo o m\u00eas de abril com os melhores petiscos que a gastronomia de bar \u00e9 capaz de criar. Trata-se do Comida di Buteco, evento que realiza a sua 19\u00aa edi\u00e7\u00e3o e tem como finalidade eleger o melhor estabelecimento por meio da cozinha de raiz.<\/p>\n<p>Come\u00e7a sexta-feira, 13 de abril, e vai at\u00e9 o dia 6 de maio, o concurso no qual voc\u00ea tamb\u00e9m poder\u00e1 votar, desde que prove o petisco cujo pre\u00e7o de R$ 25,90 \u00e9 o mesmo em todo o pa\u00eds. Cerca de 600 botecos, distribu\u00eddos em 21 cidades, participam do certame.<\/p>\n<p><a href=\"https:\/\/blogs.correiobraziliense.com.br\/lianasabo\/wp-content\/uploads\/sites\/25\/2018\/04\/OK_GAMBAR_ESPETINHODEPORCO_DF_20182.jpg\" rel=\"attachment wp-att-2200\"><img loading=\"lazy\" decoding=\"async\" class=\"aligncenter size-full wp-image-2200\" src=\"https:\/\/blogs.correiobraziliense.com.br\/lianasabo\/wp-content\/uploads\/sites\/25\/2018\/04\/OK_GAMBAR_ESPETINHODEPORCO_DF_20182.jpg\" alt=\"OK_GAMBAR_ESPETINHODEPORCO_DF_20182\" width=\"960\" height=\"625\" srcset=\"https:\/\/blogs.correiobraziliense.com.br\/lianasabo\/wp-content\/uploads\/sites\/25\/2018\/04\/OK_GAMBAR_ESPETINHODEPORCO_DF_20182.jpg 960w, https:\/\/blogs.correiobraziliense.com.br\/lianasabo\/wp-content\/uploads\/sites\/25\/2018\/04\/OK_GAMBAR_ESPETINHODEPORCO_DF_20182-300x195.jpg 300w, https:\/\/blogs.correiobraziliense.com.br\/lianasabo\/wp-content\/uploads\/sites\/25\/2018\/04\/OK_GAMBAR_ESPETINHODEPORCO_DF_20182-768x500.jpg 768w, https:\/\/blogs.correiobraziliense.com.br\/lianasabo\/wp-content\/uploads\/sites\/25\/2018\/04\/OK_GAMBAR_ESPETINHODEPORCO_DF_20182-550x358.jpg 550w, https:\/\/blogs.correiobraziliense.com.br\/lianasabo\/wp-content\/uploads\/sites\/25\/2018\/04\/OK_GAMBAR_ESPETINHODEPORCO_DF_20182-230x150.jpg 230w\" sizes=\"auto, (max-width: 960px) 100vw, 960px\" \/><\/a><\/p>\n<p>Com a participa\u00e7\u00e3o da cerveja Amstel, 21 estabelecimentos de Bras\u00edlia e do Distrito Federal disputam as melhores indica\u00e7\u00f5es. O p\u00fablico consumidor e um corpo de jurados visita, vota e elege o campe\u00e3o, avaliando quatro categorias: petisco, atendimento, higiene e temperatura da bebida, sendo que a comida leva 70% do peso da nota e as demais categorias, 10% cada uma. O voto do p\u00fablico vale 50% do peso total e, o dos jurados, 50%.<\/p>\n<p>Voc\u00ea poder\u00e1 conhecer os participantes e suas cria\u00e7\u00f5es acessando o link: www.comidadibuteco.com.br.<\/p>\n","protected":false},"excerpt":{"rendered":"<p>H\u00e1 quase 20 anos o brasileiro \u00e9 surpreendido todo o m\u00eas de abril com os melhores petiscos que a gastronomia de bar \u00e9 capaz de criar. Trata-se do Comida di Buteco, evento que realiza a sua 19\u00aa edi\u00e7\u00e3o e tem como finalidade eleger o melhor estabelecimento por meio da cozinha de raiz. Come\u00e7a sexta-feira, 13 de abril, e vai at\u00e9 [&hellip;]<\/p>\n","protected":false},"author":57,"featured_media":2198,"comment_status":"open","ping_status":"open","sticky":false,"template":"","format":"standard","meta":{"footnotes":""},"categories":[1],"tags":[],"class_list":["post-2196","post","type-post","status-publish","format-standard","has-post-thumbnail","hentry","category-sem-categoria"],"_links":{"self":[{"href":"https:\/\/blogs.correiobraziliense.com.br\/lianasabo\/wp-json\/wp\/v2\/posts\/2196","targetHints":{"allow":["GET"]}}],"collection":[{"href":"https:\/\/blogs.correiobraziliense.com.br\/lianasabo\/wp-json\/wp\/v2\/posts"}],"about":[{"href":"https:\/\/blogs.correiobraziliense.com.br\/lianasabo\/wp-json\/wp\/v2\/types\/post"}],"author":[{"embeddable":true,"href":"https:\/\/blogs.correiobraziliense.com.br\/lianasabo\/wp-json\/wp\/v2\/users\/57"}],"replies":[{"embeddable":true,"href":"https:\/\/blogs.correiobraziliense.com.br\/lianasabo\/wp-json\/wp\/v2\/comments?post=2196"}],"version-history":[{"count":3,"href":"https:\/\/blogs.correiobraziliense.com.br\/lianasabo\/wp-json\/wp\/v2\/posts\/2196\/revisions"}],"predecessor-version":[{"id":2201,"href":"https:\/\/blogs.correiobraziliense.com.br\/lianasabo\/wp-json\/wp\/v2\/posts\/2196\/revisions\/2201"}],"wp:featuredmedia":[{"embeddable":true,"href":"https:\/\/blogs.correiobraziliense.com.br\/lianasabo\/wp-json\/wp\/v2\/media\/2198"}],"wp:attachment":[{"href":"https:\/\/blogs.correiobraziliense.com.br\/lianasabo\/wp-json\/wp\/v2\/media?parent=2196"}],"wp:term":[{"taxonomy":"category","embeddable":true,"href":"https:\/\/blogs.correiobraziliense.com.br\/lianasabo\/wp-json\/wp\/v2\/categories?post=2196"},{"taxonomy":"post_tag","embeddable":true,"href":"https:\/\/blogs.correiobraziliense.com.br\/lianasabo\/wp-json\/wp\/v2\/tags?post=2196"}],"curies":[{"name":"wp","href":"https:\/\/api.w.org\/{rel}","templated":true}]}}