{"id":2191,"date":"2018-04-13T08:28:09","date_gmt":"2018-04-13T11:28:09","guid":{"rendered":"https:\/\/blogs.correiobraziliense.com.br\/lianasabo\/?p=2191"},"modified":"2018-04-12T17:30:33","modified_gmt":"2018-04-12T20:30:33","slug":"quitutices-completa-dois-anos","status":"publish","type":"post","link":"https:\/\/blogs.correiobraziliense.com.br\/lianasabo\/quitutices-completa-dois-anos\/","title":{"rendered":"Quitutices completa dois anos"},"content":{"rendered":"<p>Quitutices, a confeitaria que veio ado\u00e7ar o bico dos que t\u00eam intoler\u00e2ncia \u00e0 gl\u00faten e \u00e0 lactose, completa dois anos, em sua bonita loja, na 216 Sul. Por essa raz\u00e3o, a criativa chef Inai\u00e1 Sant&#8217;Ana promover\u00e1 festivais \u00e0s quartas-feiras com pre\u00e7os promocionais a cada semana. Na pr\u00f3xima quarta, ter\u00e3o vez as tortas de R$ 16, que passar\u00e3o a custar R$ 10, e, no dia 25, bolos e pav\u00eas sair\u00e3o por R$ 7. J\u00e1 nas quintas-feiras, a oferta ser\u00e1 de combo com duas fatias de bolo, dois p\u00e3es caseiros, manteiga de coco e uma pasta e duas bebidas quentes para duas pessoas por R$ 64. Nas sextas-feiras, de meio-dia em diante, sandu\u00edchinhos a partir de R$ 15. Telefone 3543-5057.<\/p>\n","protected":false},"excerpt":{"rendered":"<p>Quitutices, a confeitaria que veio ado\u00e7ar o bico dos que t\u00eam intoler\u00e2ncia \u00e0 gl\u00faten e \u00e0 lactose, completa dois anos, em sua bonita loja, na 216 Sul. Por essa raz\u00e3o, a criativa chef Inai\u00e1 Sant&#8217;Ana promover\u00e1 festivais \u00e0s quartas-feiras com pre\u00e7os promocionais a cada semana. Na pr\u00f3xima quarta, ter\u00e3o vez as tortas de R$ 16, que passar\u00e3o a custar R$ [&hellip;]<\/p>\n","protected":false},"author":57,"featured_media":2192,"comment_status":"open","ping_status":"open","sticky":false,"template":"","format":"standard","meta":{"footnotes":""},"categories":[1],"tags":[],"class_list":["post-2191","post","type-post","status-publish","format-standard","has-post-thumbnail","hentry","category-sem-categoria"],"_links":{"self":[{"href":"https:\/\/blogs.correiobraziliense.com.br\/lianasabo\/wp-json\/wp\/v2\/posts\/2191","targetHints":{"allow":["GET"]}}],"collection":[{"href":"https:\/\/blogs.correiobraziliense.com.br\/lianasabo\/wp-json\/wp\/v2\/posts"}],"about":[{"href":"https:\/\/blogs.correiobraziliense.com.br\/lianasabo\/wp-json\/wp\/v2\/types\/post"}],"author":[{"embeddable":true,"href":"https:\/\/blogs.correiobraziliense.com.br\/lianasabo\/wp-json\/wp\/v2\/users\/57"}],"replies":[{"embeddable":true,"href":"https:\/\/blogs.correiobraziliense.com.br\/lianasabo\/wp-json\/wp\/v2\/comments?post=2191"}],"version-history":[{"count":1,"href":"https:\/\/blogs.correiobraziliense.com.br\/lianasabo\/wp-json\/wp\/v2\/posts\/2191\/revisions"}],"predecessor-version":[{"id":2193,"href":"https:\/\/blogs.correiobraziliense.com.br\/lianasabo\/wp-json\/wp\/v2\/posts\/2191\/revisions\/2193"}],"wp:featuredmedia":[{"embeddable":true,"href":"https:\/\/blogs.correiobraziliense.com.br\/lianasabo\/wp-json\/wp\/v2\/media\/2192"}],"wp:attachment":[{"href":"https:\/\/blogs.correiobraziliense.com.br\/lianasabo\/wp-json\/wp\/v2\/media?parent=2191"}],"wp:term":[{"taxonomy":"category","embeddable":true,"href":"https:\/\/blogs.correiobraziliense.com.br\/lianasabo\/wp-json\/wp\/v2\/categories?post=2191"},{"taxonomy":"post_tag","embeddable":true,"href":"https:\/\/blogs.correiobraziliense.com.br\/lianasabo\/wp-json\/wp\/v2\/tags?post=2191"}],"curies":[{"name":"wp","href":"https:\/\/api.w.org\/{rel}","templated":true}]}}