{"id":2178,"date":"2018-04-06T16:00:20","date_gmt":"2018-04-06T19:00:20","guid":{"rendered":"https:\/\/blogs.correiobraziliense.com.br\/lianasabo\/?p=2178"},"modified":"2018-04-05T18:55:11","modified_gmt":"2018-04-05T21:55:11","slug":"relembre-o-frango-de-que-jk-gostava","status":"publish","type":"post","link":"https:\/\/blogs.correiobraziliense.com.br\/lianasabo\/relembre-o-frango-de-que-jk-gostava\/","title":{"rendered":"Relembre o frango de que JK gostava"},"content":{"rendered":"<p>Frango com quiabo \u00e9 um cl\u00e1ssico mineiro que todos os anos nesta \u00e9poca ressurge com for\u00e7a total. Era uma das receitas prediletas do presidente Juscelino Kubitschek, por isso muito lembrada no dia 21 de abril, anivers\u00e1rio da cidade fundada por ele h\u00e1 58 anos.<\/p>\n<p>Para celebrar a data, o restaurante daHora, com apenas um ano de funcionamento no Setor Noroeste, elegeu o frango com quiabo a JK como prato do m\u00eas. Acompanhado de polenta sai por R$ 26, ao longo do hor\u00e1rio das 8h \u00e0s 22h. Se voc\u00ea mora no bairro, pe\u00e7a o delivery. Telefone 3307-1892.<\/p>\n","protected":false},"excerpt":{"rendered":"<p>Frango com quiabo \u00e9 um cl\u00e1ssico mineiro que todos os anos nesta \u00e9poca ressurge com for\u00e7a total. Era uma das receitas prediletas do presidente Juscelino Kubitschek, por isso muito lembrada no dia 21 de abril, anivers\u00e1rio da cidade fundada por ele h\u00e1 58 anos. Para celebrar a data, o restaurante daHora, com apenas um ano de funcionamento no Setor Noroeste, [&hellip;]<\/p>\n","protected":false},"author":57,"featured_media":2179,"comment_status":"open","ping_status":"open","sticky":false,"template":"","format":"standard","meta":{"footnotes":""},"categories":[1],"tags":[],"class_list":["post-2178","post","type-post","status-publish","format-standard","has-post-thumbnail","hentry","category-sem-categoria"],"_links":{"self":[{"href":"https:\/\/blogs.correiobraziliense.com.br\/lianasabo\/wp-json\/wp\/v2\/posts\/2178","targetHints":{"allow":["GET"]}}],"collection":[{"href":"https:\/\/blogs.correiobraziliense.com.br\/lianasabo\/wp-json\/wp\/v2\/posts"}],"about":[{"href":"https:\/\/blogs.correiobraziliense.com.br\/lianasabo\/wp-json\/wp\/v2\/types\/post"}],"author":[{"embeddable":true,"href":"https:\/\/blogs.correiobraziliense.com.br\/lianasabo\/wp-json\/wp\/v2\/users\/57"}],"replies":[{"embeddable":true,"href":"https:\/\/blogs.correiobraziliense.com.br\/lianasabo\/wp-json\/wp\/v2\/comments?post=2178"}],"version-history":[{"count":1,"href":"https:\/\/blogs.correiobraziliense.com.br\/lianasabo\/wp-json\/wp\/v2\/posts\/2178\/revisions"}],"predecessor-version":[{"id":2180,"href":"https:\/\/blogs.correiobraziliense.com.br\/lianasabo\/wp-json\/wp\/v2\/posts\/2178\/revisions\/2180"}],"wp:featuredmedia":[{"embeddable":true,"href":"https:\/\/blogs.correiobraziliense.com.br\/lianasabo\/wp-json\/wp\/v2\/media\/2179"}],"wp:attachment":[{"href":"https:\/\/blogs.correiobraziliense.com.br\/lianasabo\/wp-json\/wp\/v2\/media?parent=2178"}],"wp:term":[{"taxonomy":"category","embeddable":true,"href":"https:\/\/blogs.correiobraziliense.com.br\/lianasabo\/wp-json\/wp\/v2\/categories?post=2178"},{"taxonomy":"post_tag","embeddable":true,"href":"https:\/\/blogs.correiobraziliense.com.br\/lianasabo\/wp-json\/wp\/v2\/tags?post=2178"}],"curies":[{"name":"wp","href":"https:\/\/api.w.org\/{rel}","templated":true}]}}