{"id":2094,"date":"2018-02-09T14:00:46","date_gmt":"2018-02-09T16:00:46","guid":{"rendered":"https:\/\/blogs.correiobraziliense.com.br\/lianasabo\/?p=2094"},"modified":"2018-02-08T18:54:52","modified_gmt":"2018-02-08T20:54:52","slug":"feijao-com-samba-no-piantella","status":"publish","type":"post","link":"https:\/\/blogs.correiobraziliense.com.br\/lianasabo\/feijao-com-samba-no-piantella\/","title":{"rendered":"Feij\u00e3o com samba no Piantella"},"content":{"rendered":"<p>Ningu\u00e9m duvida da versatilidade do piano de M\u00e1rio Pinheiro. O ano todo ele empolga os cora\u00e7\u00f5es no bar do Piantella atendendo aos mais saudosistas pedidos. N\u00e3o \u00e9 que no carnaval Mario vai resgatar, com sua banda, famosas marchinhas e sambas animados? Ser\u00e1 amanh\u00e3 na feijoada completa, que come\u00e7a a ser servida a partir das 12h, com sobremesa e batidas por R$ 90 mais10%. Reservas: 3224-9408<\/p>\n","protected":false},"excerpt":{"rendered":"<p>Ningu\u00e9m duvida da versatilidade do piano de M\u00e1rio Pinheiro. O ano todo ele empolga os cora\u00e7\u00f5es no bar do Piantella atendendo aos mais saudosistas pedidos. N\u00e3o \u00e9 que no carnaval Mario vai resgatar, com sua banda, famosas marchinhas e sambas animados? Ser\u00e1 amanh\u00e3 na feijoada completa, que come\u00e7a a ser servida a partir das 12h, com sobremesa e batidas por [&hellip;]<\/p>\n","protected":false},"author":57,"featured_media":2095,"comment_status":"open","ping_status":"open","sticky":false,"template":"","format":"standard","meta":{"footnotes":""},"categories":[1],"tags":[],"class_list":["post-2094","post","type-post","status-publish","format-standard","has-post-thumbnail","hentry","category-sem-categoria"],"_links":{"self":[{"href":"https:\/\/blogs.correiobraziliense.com.br\/lianasabo\/wp-json\/wp\/v2\/posts\/2094","targetHints":{"allow":["GET"]}}],"collection":[{"href":"https:\/\/blogs.correiobraziliense.com.br\/lianasabo\/wp-json\/wp\/v2\/posts"}],"about":[{"href":"https:\/\/blogs.correiobraziliense.com.br\/lianasabo\/wp-json\/wp\/v2\/types\/post"}],"author":[{"embeddable":true,"href":"https:\/\/blogs.correiobraziliense.com.br\/lianasabo\/wp-json\/wp\/v2\/users\/57"}],"replies":[{"embeddable":true,"href":"https:\/\/blogs.correiobraziliense.com.br\/lianasabo\/wp-json\/wp\/v2\/comments?post=2094"}],"version-history":[{"count":1,"href":"https:\/\/blogs.correiobraziliense.com.br\/lianasabo\/wp-json\/wp\/v2\/posts\/2094\/revisions"}],"predecessor-version":[{"id":2096,"href":"https:\/\/blogs.correiobraziliense.com.br\/lianasabo\/wp-json\/wp\/v2\/posts\/2094\/revisions\/2096"}],"wp:featuredmedia":[{"embeddable":true,"href":"https:\/\/blogs.correiobraziliense.com.br\/lianasabo\/wp-json\/wp\/v2\/media\/2095"}],"wp:attachment":[{"href":"https:\/\/blogs.correiobraziliense.com.br\/lianasabo\/wp-json\/wp\/v2\/media?parent=2094"}],"wp:term":[{"taxonomy":"category","embeddable":true,"href":"https:\/\/blogs.correiobraziliense.com.br\/lianasabo\/wp-json\/wp\/v2\/categories?post=2094"},{"taxonomy":"post_tag","embeddable":true,"href":"https:\/\/blogs.correiobraziliense.com.br\/lianasabo\/wp-json\/wp\/v2\/tags?post=2094"}],"curies":[{"name":"wp","href":"https:\/\/api.w.org\/{rel}","templated":true}]}}