{"id":2091,"date":"2018-02-09T14:00:23","date_gmt":"2018-02-09T16:00:23","guid":{"rendered":"https:\/\/blogs.correiobraziliense.com.br\/lianasabo\/?p=2091"},"modified":"2018-02-08T18:52:35","modified_gmt":"2018-02-08T20:52:35","slug":"robalo-carnavalesco-entra-no-menu-do-sante-13","status":"publish","type":"post","link":"https:\/\/blogs.correiobraziliense.com.br\/lianasabo\/robalo-carnavalesco-entra-no-menu-do-sante-13\/","title":{"rendered":"Robalo carnavalesco entra no menu do Sant\u00e9 13"},"content":{"rendered":"<p>O Sant\u00e9 13, vizinho ao Parque Olhos d`\u00c1gua, foi buscar no mar o robalo para preparar no carnaval. Uma posta alta do peixe grelhado escoltado por musseline de tr\u00eas tub\u00e9rculos \u2014 batata-baroa, batata asterix e batata-doce \u2014 \u00e9 servida com geleia fria de maracuj\u00e1, laranja e anis estrelado por R$ 70. Funciona todos os dias. Telefone: 3037-2132.<\/p>\n","protected":false},"excerpt":{"rendered":"<p>O Sant\u00e9 13, vizinho ao Parque Olhos d`\u00c1gua, foi buscar no mar o robalo para preparar no carnaval. Uma posta alta do peixe grelhado escoltado por musseline de tr\u00eas tub\u00e9rculos \u2014 batata-baroa, batata asterix e batata-doce \u2014 \u00e9 servida com geleia fria de maracuj\u00e1, laranja e anis estrelado por R$ 70. Funciona todos os dias. Telefone: 3037-2132.<\/p>\n","protected":false},"author":54,"featured_media":2092,"comment_status":"open","ping_status":"open","sticky":false,"template":"","format":"standard","meta":{"footnotes":""},"categories":[1],"tags":[],"class_list":["post-2091","post","type-post","status-publish","format-standard","has-post-thumbnail","hentry","category-sem-categoria"],"_links":{"self":[{"href":"https:\/\/blogs.correiobraziliense.com.br\/lianasabo\/wp-json\/wp\/v2\/posts\/2091","targetHints":{"allow":["GET"]}}],"collection":[{"href":"https:\/\/blogs.correiobraziliense.com.br\/lianasabo\/wp-json\/wp\/v2\/posts"}],"about":[{"href":"https:\/\/blogs.correiobraziliense.com.br\/lianasabo\/wp-json\/wp\/v2\/types\/post"}],"author":[{"embeddable":true,"href":"https:\/\/blogs.correiobraziliense.com.br\/lianasabo\/wp-json\/wp\/v2\/users\/54"}],"replies":[{"embeddable":true,"href":"https:\/\/blogs.correiobraziliense.com.br\/lianasabo\/wp-json\/wp\/v2\/comments?post=2091"}],"version-history":[{"count":1,"href":"https:\/\/blogs.correiobraziliense.com.br\/lianasabo\/wp-json\/wp\/v2\/posts\/2091\/revisions"}],"predecessor-version":[{"id":2093,"href":"https:\/\/blogs.correiobraziliense.com.br\/lianasabo\/wp-json\/wp\/v2\/posts\/2091\/revisions\/2093"}],"wp:featuredmedia":[{"embeddable":true,"href":"https:\/\/blogs.correiobraziliense.com.br\/lianasabo\/wp-json\/wp\/v2\/media\/2092"}],"wp:attachment":[{"href":"https:\/\/blogs.correiobraziliense.com.br\/lianasabo\/wp-json\/wp\/v2\/media?parent=2091"}],"wp:term":[{"taxonomy":"category","embeddable":true,"href":"https:\/\/blogs.correiobraziliense.com.br\/lianasabo\/wp-json\/wp\/v2\/categories?post=2091"},{"taxonomy":"post_tag","embeddable":true,"href":"https:\/\/blogs.correiobraziliense.com.br\/lianasabo\/wp-json\/wp\/v2\/tags?post=2091"}],"curies":[{"name":"wp","href":"https:\/\/api.w.org\/{rel}","templated":true}]}}