{"id":2077,"date":"2018-02-08T10:00:19","date_gmt":"2018-02-08T12:00:19","guid":{"rendered":"https:\/\/blogs.correiobraziliense.com.br\/lianasabo\/?p=2077"},"modified":"2018-02-07T17:59:21","modified_gmt":"2018-02-07T19:59:21","slug":"gastronomia-e-enredo-de-escola-de-samba-no-rio-de-janeiro","status":"publish","type":"post","link":"https:\/\/blogs.correiobraziliense.com.br\/lianasabo\/gastronomia-e-enredo-de-escola-de-samba-no-rio-de-janeiro\/","title":{"rendered":"Gastronomia \u00e9 enredo de escola de samba Uni\u00e3o da Ilha, no Rio de Janeiro"},"content":{"rendered":"<p>Este ano a cozinha brasileira ser\u00e1 tema de carnaval. Pela primeira vez, uma escola do Rio de Janeiro, a Uni\u00e3o da Ilha do Governador, vai juntar o sabor das panelas e o samba no p\u00e9 para contar a aventura dos h\u00e1bitos alimentares com o tema Brasil Bom de Boca. Ser\u00e1 a terceira escola a desfilar nesta segunda-feira, na passarela do samba, com 3.200 componentes, 29 alas, cinco carros aleg\u00f3ricos e mais 100 cozinheiros brasileiros de todas as regi\u00f5es do pa\u00eds.<\/p>\n<p>Inspirado na obra do antrop\u00f3logo, muse\u00f3logo e professor Raul Lody, o carnavalesco Severo Luzardo desenvolveu a tem\u00e1tica e promete um passeio pelas influ\u00eancias e pelas culin\u00e1rias de norte a sul do Brasil. Encerra o desfile da Uni\u00e3o da Ilha o carro Botequim, que traz a velha guarda da escola, o chef Claude Troisgros, principal homenageado, e outros chefs, que atenderam a convoca\u00e7\u00e3o de Flavia Quaresma para prestigiar o desfile.<\/p>\n<p>Estar\u00e3o no carro Erick Jacquin, Emmanuel Bassoleil, Danio Braga, Roberto Ravioli, Roberta Sudbrack, Guga Rocha, K\u00e1tia Barbosa, Bel Coelho, Vitor Sobral, Janaina Rueda, Ana Luiza Trajano e Thomas Troisgros entre outros do eixo Rio-S\u00e3o Paulo. Bras\u00edlia ser\u00e1 representada por Agenor Maia (Eat Olivae); Minas, por Leo Paix\u00e3o; e Pernambuco, por Cesar Santos. Tamb\u00e9m participam Wanderson Medeiros (Alagoas); Onildo Rocha (Para\u00edba), Daniela Martins (Par\u00e1) e Denise Rohnelt (Roraima).<br \/>\nConhe\u00e7a o refr\u00e3o: \u201cVem provar o sabor desse meu carnaval\/ Eu sou a Ilha, sou o prato principal\/ Vou deixar \u00e1gua na boca\/ Provocar uma vontade louca\u201d<\/p>\n","protected":false},"excerpt":{"rendered":"<p>Este ano a cozinha brasileira ser\u00e1 tema de carnaval. Pela primeira vez, uma escola do Rio de Janeiro, a Uni\u00e3o da Ilha do Governador, vai juntar o sabor das panelas e o samba no p\u00e9 para contar a aventura dos h\u00e1bitos alimentares com o tema Brasil Bom de Boca. Ser\u00e1 a terceira escola a desfilar nesta segunda-feira, na passarela do [&hellip;]<\/p>\n","protected":false},"author":54,"featured_media":2078,"comment_status":"open","ping_status":"open","sticky":false,"template":"","format":"standard","meta":{"footnotes":""},"categories":[1],"tags":[],"class_list":["post-2077","post","type-post","status-publish","format-standard","has-post-thumbnail","hentry","category-sem-categoria"],"_links":{"self":[{"href":"https:\/\/blogs.correiobraziliense.com.br\/lianasabo\/wp-json\/wp\/v2\/posts\/2077","targetHints":{"allow":["GET"]}}],"collection":[{"href":"https:\/\/blogs.correiobraziliense.com.br\/lianasabo\/wp-json\/wp\/v2\/posts"}],"about":[{"href":"https:\/\/blogs.correiobraziliense.com.br\/lianasabo\/wp-json\/wp\/v2\/types\/post"}],"author":[{"embeddable":true,"href":"https:\/\/blogs.correiobraziliense.com.br\/lianasabo\/wp-json\/wp\/v2\/users\/54"}],"replies":[{"embeddable":true,"href":"https:\/\/blogs.correiobraziliense.com.br\/lianasabo\/wp-json\/wp\/v2\/comments?post=2077"}],"version-history":[{"count":2,"href":"https:\/\/blogs.correiobraziliense.com.br\/lianasabo\/wp-json\/wp\/v2\/posts\/2077\/revisions"}],"predecessor-version":[{"id":2080,"href":"https:\/\/blogs.correiobraziliense.com.br\/lianasabo\/wp-json\/wp\/v2\/posts\/2077\/revisions\/2080"}],"wp:featuredmedia":[{"embeddable":true,"href":"https:\/\/blogs.correiobraziliense.com.br\/lianasabo\/wp-json\/wp\/v2\/media\/2078"}],"wp:attachment":[{"href":"https:\/\/blogs.correiobraziliense.com.br\/lianasabo\/wp-json\/wp\/v2\/media?parent=2077"}],"wp:term":[{"taxonomy":"category","embeddable":true,"href":"https:\/\/blogs.correiobraziliense.com.br\/lianasabo\/wp-json\/wp\/v2\/categories?post=2077"},{"taxonomy":"post_tag","embeddable":true,"href":"https:\/\/blogs.correiobraziliense.com.br\/lianasabo\/wp-json\/wp\/v2\/tags?post=2077"}],"curies":[{"name":"wp","href":"https:\/\/api.w.org\/{rel}","templated":true}]}}