{"id":2071,"date":"2018-02-07T17:55:38","date_gmt":"2018-02-07T19:55:38","guid":{"rendered":"https:\/\/blogs.correiobraziliense.com.br\/lianasabo\/?p=2071"},"modified":"2018-02-07T17:56:15","modified_gmt":"2018-02-07T19:56:15","slug":"restaurantes-oferecem-maratona-de-menus-completos-precos-reduzidos","status":"publish","type":"post","link":"https:\/\/blogs.correiobraziliense.com.br\/lianasabo\/restaurantes-oferecem-maratona-de-menus-completos-precos-reduzidos\/","title":{"rendered":"Restaurantes oferecem maratona de menus completos a pre\u00e7os reduzidos"},"content":{"rendered":"<p>Como acontece todos os anos, fevereiro j\u00e1 se tornou um m\u00eas gastron\u00f4mico com op\u00e7\u00f5es baratas. Dois grandes eventos ocorrem no per\u00edodo, a come\u00e7ar pelo Restaurant Week, cuja participa\u00e7\u00e3o pode chegar a 70 restaurantes, prontos para oferecer refei\u00e7\u00e3o especial a partir do dia 16, com pre\u00e7os de R$ 43,90 para o almo\u00e7o e R$ 54,90, no jantar. H\u00e1 ainda uma terceira faixa conhecida por plus que envolve menus mais elaborados e com ingredientes exclusivos. Nela, o almo\u00e7o sai por R$ 55 e o jantar por R$ 68. Sempre servido com tr\u00eas itens: entrada, prato principal e sobremesa. O Restaurant Week vai at\u00e9 o dia 11 de mar\u00e7o. Menu completo pode ser visto no site www.restaurantweek.com.br.<\/p>\n<figure id=\"attachment_2073\" aria-describedby=\"caption-attachment-2073\" style=\"width: 1200px\" class=\"wp-caption aligncenter\"><a href=\"https:\/\/blogs.correiobraziliense.com.br\/lianasabo\/wp-content\/uploads\/sites\/25\/2018\/02\/Abbraccio2.jpg\" rel=\"attachment wp-att-2073\"><img loading=\"lazy\" decoding=\"async\" class=\"size-full wp-image-2073\" src=\"https:\/\/blogs.correiobraziliense.com.br\/lianasabo\/wp-content\/uploads\/sites\/25\/2018\/02\/Abbraccio2.jpg\" alt=\"Polpettone com polenta: entrada no Abbraccio\" width=\"1200\" height=\"800\" srcset=\"https:\/\/blogs.correiobraziliense.com.br\/lianasabo\/wp-content\/uploads\/sites\/25\/2018\/02\/Abbraccio2.jpg 1200w, https:\/\/blogs.correiobraziliense.com.br\/lianasabo\/wp-content\/uploads\/sites\/25\/2018\/02\/Abbraccio2-300x200.jpg 300w, https:\/\/blogs.correiobraziliense.com.br\/lianasabo\/wp-content\/uploads\/sites\/25\/2018\/02\/Abbraccio2-768x512.jpg 768w, https:\/\/blogs.correiobraziliense.com.br\/lianasabo\/wp-content\/uploads\/sites\/25\/2018\/02\/Abbraccio2-1024x683.jpg 1024w, https:\/\/blogs.correiobraziliense.com.br\/lianasabo\/wp-content\/uploads\/sites\/25\/2018\/02\/Abbraccio2-550x367.jpg 550w, https:\/\/blogs.correiobraziliense.com.br\/lianasabo\/wp-content\/uploads\/sites\/25\/2018\/02\/Abbraccio2-230x153.jpg 230w\" sizes=\"auto, (max-width: 1200px) 100vw, 1200px\" \/><\/a><figcaption id=\"caption-attachment-2073\" class=\"wp-caption-text\">Polpettone com polenta: entrada no Abbraccio<\/figcaption><\/figure>\n<h3><strong>Panelas cheias<\/strong><\/h3>\n<p>Cinco dias mais tarde \u2013 21 de fevereiro \u2013 estar\u00e1 nas ruas o Festival Panelas da Casa, que se prolonga at\u00e9 o dia 15 de mar\u00e7o. Onze restaurantes participam do festival oferecendo menu completo, a exemplo do Restaurant Week, com entrada, principal e sobremesa, s\u00f3 que ao pre\u00e7o \u00fanico de R$ 49, no almo\u00e7o e no jantar.<br \/>\nOutra diferen\u00e7a \u00e9 quanto \u00e0 metodologia baseada na execu\u00e7\u00e3o a quatro m\u00e3os de cada prato. \u201cComo somos uma confraria, na qual a inten\u00e7\u00e3o \u00e9 a intera\u00e7\u00e3o, a troca de experi\u00eancias e os conhecimentos, realizamos uma din\u00e2mica onde o chef de uma casa ajuda o chef de outra a criar o seu menu\u201d, explica David Lechtig, chef e propriet\u00e1rio do restaurante El Paso.<\/p>\n<p>&nbsp;<\/p>\n<figure id=\"attachment_2074\" aria-describedby=\"caption-attachment-2074\" style=\"width: 1200px\" class=\"wp-caption aligncenter\"><a href=\"https:\/\/blogs.correiobraziliense.com.br\/lianasabo\/wp-content\/uploads\/sites\/25\/2018\/02\/Panelas-da-Casa.jpg\" rel=\"attachment wp-att-2074\"><img loading=\"lazy\" decoding=\"async\" class=\"size-full wp-image-2074\" src=\"https:\/\/blogs.correiobraziliense.com.br\/lianasabo\/wp-content\/uploads\/sites\/25\/2018\/02\/Panelas-da-Casa.jpg\" alt=\"Cr\u00e9ditos: Telmo Ximenes\/Divulga\u00e7\u00e3o. Chefs do Panelas da Casa\" width=\"1200\" height=\"1200\" srcset=\"https:\/\/blogs.correiobraziliense.com.br\/lianasabo\/wp-content\/uploads\/sites\/25\/2018\/02\/Panelas-da-Casa.jpg 1200w, https:\/\/blogs.correiobraziliense.com.br\/lianasabo\/wp-content\/uploads\/sites\/25\/2018\/02\/Panelas-da-Casa-150x150.jpg 150w, https:\/\/blogs.correiobraziliense.com.br\/lianasabo\/wp-content\/uploads\/sites\/25\/2018\/02\/Panelas-da-Casa-300x300.jpg 300w, https:\/\/blogs.correiobraziliense.com.br\/lianasabo\/wp-content\/uploads\/sites\/25\/2018\/02\/Panelas-da-Casa-768x768.jpg 768w, https:\/\/blogs.correiobraziliense.com.br\/lianasabo\/wp-content\/uploads\/sites\/25\/2018\/02\/Panelas-da-Casa-1024x1024.jpg 1024w, https:\/\/blogs.correiobraziliense.com.br\/lianasabo\/wp-content\/uploads\/sites\/25\/2018\/02\/Panelas-da-Casa-550x550.jpg 550w, https:\/\/blogs.correiobraziliense.com.br\/lianasabo\/wp-content\/uploads\/sites\/25\/2018\/02\/Panelas-da-Casa-230x230.jpg 230w\" sizes=\"auto, (max-width: 1200px) 100vw, 1200px\" \/><\/a><figcaption id=\"caption-attachment-2074\" class=\"wp-caption-text\">Cr\u00e9ditos: Telmo Ximenes\/Divulga\u00e7\u00e3o. Chefs do Panelas da Casa<\/figcaption><\/figure>\n<p><strong>Veja as parcerias<\/strong><\/p>\n<p>Veloce cria menu com o Cantucci<br \/>\nCantucci cria com o Carpe Diem<br \/>\nCarpe Diem com o Bhumi<br \/>\nBhumi com o C&#8217;est la Vie<br \/>\nC&#8217;est la Vie cria menu com Belini Caf\u00e9<br \/>\nBelini Cafe cria com o El Paso<br \/>\nEl Paso com Belini P\u00e3es<br \/>\nBelini P\u00e3es com o Nossa Cozinha<br \/>\nNossa Cozinha com o Genghis Khan<br \/>\nGenghis Khan com o Caf\u00e9 Savana<br \/>\nCaf\u00e9 Savana com o Veloce<\/p>\n<p><strong>Brinde de cer\u00e2mica<\/strong><\/p>\n<p>Outro diferencial do Festival Panelas da Casa \u00e9 um brinde que o cliente pode levar para casa depois de degustar quatro menus. Consta de um ramequin de cer\u00e2mica assinado pelo artista Davi Ferraz e vem em cinco cores distintas numa concep\u00e7\u00e3o ideal para colecionar.\u00a0Mais uma vez, a Cervejaria Colombina apoia o evento e sugere harmoniza\u00e7\u00e3o da bebida com os pratos. Cada r\u00f3tulo sai por R$ 19,90.<\/p>\n","protected":false},"excerpt":{"rendered":"<p>Como acontece todos os anos, fevereiro j\u00e1 se tornou um m\u00eas gastron\u00f4mico com op\u00e7\u00f5es baratas. Dois grandes eventos ocorrem no per\u00edodo, a come\u00e7ar pelo Restaurant Week, cuja participa\u00e7\u00e3o pode chegar a 70 restaurantes, prontos para oferecer refei\u00e7\u00e3o especial a partir do dia 16, com pre\u00e7os de R$ 43,90 para o almo\u00e7o e R$ 54,90, no jantar. H\u00e1 ainda uma terceira [&hellip;]<\/p>\n","protected":false},"author":54,"featured_media":2072,"comment_status":"open","ping_status":"open","sticky":false,"template":"","format":"standard","meta":{"footnotes":""},"categories":[1],"tags":[],"class_list":["post-2071","post","type-post","status-publish","format-standard","has-post-thumbnail","hentry","category-sem-categoria"],"_links":{"self":[{"href":"https:\/\/blogs.correiobraziliense.com.br\/lianasabo\/wp-json\/wp\/v2\/posts\/2071","targetHints":{"allow":["GET"]}}],"collection":[{"href":"https:\/\/blogs.correiobraziliense.com.br\/lianasabo\/wp-json\/wp\/v2\/posts"}],"about":[{"href":"https:\/\/blogs.correiobraziliense.com.br\/lianasabo\/wp-json\/wp\/v2\/types\/post"}],"author":[{"embeddable":true,"href":"https:\/\/blogs.correiobraziliense.com.br\/lianasabo\/wp-json\/wp\/v2\/users\/54"}],"replies":[{"embeddable":true,"href":"https:\/\/blogs.correiobraziliense.com.br\/lianasabo\/wp-json\/wp\/v2\/comments?post=2071"}],"version-history":[{"count":2,"href":"https:\/\/blogs.correiobraziliense.com.br\/lianasabo\/wp-json\/wp\/v2\/posts\/2071\/revisions"}],"predecessor-version":[{"id":2076,"href":"https:\/\/blogs.correiobraziliense.com.br\/lianasabo\/wp-json\/wp\/v2\/posts\/2071\/revisions\/2076"}],"wp:featuredmedia":[{"embeddable":true,"href":"https:\/\/blogs.correiobraziliense.com.br\/lianasabo\/wp-json\/wp\/v2\/media\/2072"}],"wp:attachment":[{"href":"https:\/\/blogs.correiobraziliense.com.br\/lianasabo\/wp-json\/wp\/v2\/media?parent=2071"}],"wp:term":[{"taxonomy":"category","embeddable":true,"href":"https:\/\/blogs.correiobraziliense.com.br\/lianasabo\/wp-json\/wp\/v2\/categories?post=2071"},{"taxonomy":"post_tag","embeddable":true,"href":"https:\/\/blogs.correiobraziliense.com.br\/lianasabo\/wp-json\/wp\/v2\/tags?post=2071"}],"curies":[{"name":"wp","href":"https:\/\/api.w.org\/{rel}","templated":true}]}}