{"id":2060,"date":"2018-02-02T15:00:46","date_gmt":"2018-02-02T17:00:46","guid":{"rendered":"https:\/\/blogs.correiobraziliense.com.br\/lianasabo\/?p=2060"},"modified":"2018-02-02T14:31:20","modified_gmt":"2018-02-02T16:31:20","slug":"restaurante-norton-tem-prato-para-comemorar-o-valentines-day","status":"publish","type":"post","link":"https:\/\/blogs.correiobraziliense.com.br\/lianasabo\/restaurante-norton-tem-prato-para-comemorar-o-valentines-day\/","title":{"rendered":"Restaurante Norton tem prato para comemorar o Valentine&#8217;s Day"},"content":{"rendered":"<p>Na Idade M\u00e9dia, dizia-se que 14 de fevereiro \u2014 alto ver\u00e3o no hemisf\u00e9rio norte \u2014 era o primeiro dia de acasalamento dos p\u00e1ssaros. No calend\u00e1rio da Igreja Cat\u00f3lica Apost\u00f3lica Romana, corresponde ao dia de S\u00e3o Valentim, m\u00e1rtir crist\u00e3o, que acabou emprestando a data para um momento feliz. Virou dia dos namorados em muitos pa\u00edses, como os Estados Unidos. Para comemorar o Valentine`s Day, o restaurante Norton (2\u00ba andar do Hotel Meli\u00e1) lan\u00e7a card\u00e1pio exclusivo, v\u00e1lido para o per\u00edodo de 9 a 16 somente no jantar.<\/p>\n<p>Coroa de carr\u00e9 de cordeiro recheado com pesto de hortel\u00e3, escoltado de polenta com aspargos frescos e alho negro \u00a0\u00e9 a sugest\u00e3o do chef Victor Andr\u00e9, que na licen\u00e7a de Myriam Carvalho, assumiu a chefia executiva das cozinhas do Brasil 21. Mix de folhas, pera desidratada, gorgonzola, nozes, redu\u00e7\u00e3o de bals\u00e2mico e flores comest\u00edveis antecede o prato que inclui cr\u00e9me br\u00fbl\u00e9e com coulis de manga e Drambuie de sobremesa. O menu saio por R$ 175 por pessoa, incluindo meia garrafa de vinho portugu\u00eas da Bairrada Frei Jo\u00e3o, indicado pelo sommelier da casa, Daniel Gon\u00e7alves, para harminiza\u00e7\u00e3o. Reservas pelo telefone: 3218-5550.<\/p>\n","protected":false},"excerpt":{"rendered":"<p>Na Idade M\u00e9dia, dizia-se que 14 de fevereiro \u2014 alto ver\u00e3o no hemisf\u00e9rio norte \u2014 era o primeiro dia de acasalamento dos p\u00e1ssaros. No calend\u00e1rio da Igreja Cat\u00f3lica Apost\u00f3lica Romana, corresponde ao dia de S\u00e3o Valentim, m\u00e1rtir crist\u00e3o, que acabou emprestando a data para um momento feliz. Virou dia dos namorados em muitos pa\u00edses, como os Estados Unidos. Para comemorar [&hellip;]<\/p>\n","protected":false},"author":54,"featured_media":2061,"comment_status":"open","ping_status":"open","sticky":false,"template":"","format":"standard","meta":{"footnotes":""},"categories":[1],"tags":[],"class_list":["post-2060","post","type-post","status-publish","format-standard","has-post-thumbnail","hentry","category-sem-categoria"],"_links":{"self":[{"href":"https:\/\/blogs.correiobraziliense.com.br\/lianasabo\/wp-json\/wp\/v2\/posts\/2060","targetHints":{"allow":["GET"]}}],"collection":[{"href":"https:\/\/blogs.correiobraziliense.com.br\/lianasabo\/wp-json\/wp\/v2\/posts"}],"about":[{"href":"https:\/\/blogs.correiobraziliense.com.br\/lianasabo\/wp-json\/wp\/v2\/types\/post"}],"author":[{"embeddable":true,"href":"https:\/\/blogs.correiobraziliense.com.br\/lianasabo\/wp-json\/wp\/v2\/users\/54"}],"replies":[{"embeddable":true,"href":"https:\/\/blogs.correiobraziliense.com.br\/lianasabo\/wp-json\/wp\/v2\/comments?post=2060"}],"version-history":[{"count":3,"href":"https:\/\/blogs.correiobraziliense.com.br\/lianasabo\/wp-json\/wp\/v2\/posts\/2060\/revisions"}],"predecessor-version":[{"id":2070,"href":"https:\/\/blogs.correiobraziliense.com.br\/lianasabo\/wp-json\/wp\/v2\/posts\/2060\/revisions\/2070"}],"wp:featuredmedia":[{"embeddable":true,"href":"https:\/\/blogs.correiobraziliense.com.br\/lianasabo\/wp-json\/wp\/v2\/media\/2061"}],"wp:attachment":[{"href":"https:\/\/blogs.correiobraziliense.com.br\/lianasabo\/wp-json\/wp\/v2\/media?parent=2060"}],"wp:term":[{"taxonomy":"category","embeddable":true,"href":"https:\/\/blogs.correiobraziliense.com.br\/lianasabo\/wp-json\/wp\/v2\/categories?post=2060"},{"taxonomy":"post_tag","embeddable":true,"href":"https:\/\/blogs.correiobraziliense.com.br\/lianasabo\/wp-json\/wp\/v2\/tags?post=2060"}],"curies":[{"name":"wp","href":"https:\/\/api.w.org\/{rel}","templated":true}]}}