{"id":2040,"date":"2018-01-26T10:01:37","date_gmt":"2018-01-26T12:01:37","guid":{"rendered":"https:\/\/blogs.correiobraziliense.com.br\/lianasabo\/?p=2040"},"modified":"2018-01-25T19:04:16","modified_gmt":"2018-01-25T21:04:16","slug":"pre-carnaval-no-rio-de-janeiro-pode-ser-regado-feijoada","status":"publish","type":"post","link":"https:\/\/blogs.correiobraziliense.com.br\/lianasabo\/pre-carnaval-no-rio-de-janeiro-pode-ser-regado-feijoada\/","title":{"rendered":"Pr\u00e9-carnaval no Rio de Janeiro pode ser regado a feijoada"},"content":{"rendered":"<p>Voc\u00ea, que est\u00e1 em f\u00e9rias no Rio de Janeiro neste ver\u00e3o n\u00e3o precisa esperar fevereiro para comer bem e brincar o carnaval. L\u00e1 tem folia em muitos endere\u00e7os gastron\u00f4micos, como no hotel Windsor Barra. Amanh\u00e3 mesmo quem d\u00e1 o tom da festa \u00e9 a Esta\u00e7\u00e3o Primeira de Mangueira, dezenove vezes campe\u00e3 do carnaval carioca.<br \/>\nLiderada pelo mestre Rodrigo Explos\u00e3o e pela rainha Evelyn Bastos, a bateria verde e rosa promete agitar os foli\u00f5es na feijoada pr\u00e9-carnavalesca. Dia 10 de fevereiro, j\u00e1 em plena era momesca, a bateria volta em peso para outra feijoada, sempre no hor\u00e1rio das 13h \u00e0s 19h, com programa\u00e7\u00e3o para foli\u00f5es de todas as idades. Al\u00e9m da Mangueira, a anima\u00e7\u00e3o fica por conta do tradicional bloco carioca Suvaco de Cristo.<\/p>\n<h2>Menu da festa<\/h2>\n<p>Al\u00e9m do bolinho de feijoada do chef Manoel Moreira, das caipirinhas, folhas verdes, caponata de berinjela e salada russa, os feij\u00f5es v\u00e3o \u00e0 mesa com carne seca, costela, lombo, paio, lingui\u00e7a, p\u00e9, orelha, rabinho e l\u00edngua. Lascas de laranja, torradas e p\u00e3es acompanham o caldo de feij\u00e3o escoltado de torresmo picadinho, cebolinha, salsa e molho de pimenta.<br \/>\nEntre os petiscos quentes h\u00e1 aperitivos de linguicinha, costelinha, pastel de queijo, broa de fub\u00e1 com recheio de carne seca e queijo coalho e bolinho de aipim.<br \/>\nOutro buf\u00ea s\u00f3 oferece sobremesas como pudim de clara, pudim de leite, quindim, manjar branco, doce de leite, doce de banana, canjica, arroz-doce, cuscuz, ambrosia, maria mole, bolo de milho, bolo de aipim, cocadas preta e branca, p\u00e9 de moleque, frutas frescas fatiadas, al\u00e9m de tortas de lim\u00e3o e chocolate. Ufa!<br \/>\nCerveja, refri e caipirinha fazem parte do pacote, que sai amanh\u00e3 por R$ 280, e no dia 10, por R$ 390. Parcelamento em at\u00e9 3 vezes sem juros no cart\u00e3o de cr\u00e9dito. Mais informa\u00e7\u00f5es e reservas em <em>http:\/\/windsorhoteis.com<\/em><\/p>\n","protected":false},"excerpt":{"rendered":"<p>Voc\u00ea, que est\u00e1 em f\u00e9rias no Rio de Janeiro neste ver\u00e3o n\u00e3o precisa esperar fevereiro para comer bem e brincar o carnaval. L\u00e1 tem folia em muitos endere\u00e7os gastron\u00f4micos, como no hotel Windsor Barra. Amanh\u00e3 mesmo quem d\u00e1 o tom da festa \u00e9 a Esta\u00e7\u00e3o Primeira de Mangueira, dezenove vezes campe\u00e3 do carnaval carioca. Liderada pelo mestre Rodrigo Explos\u00e3o e [&hellip;]<\/p>\n","protected":false},"author":54,"featured_media":2041,"comment_status":"open","ping_status":"open","sticky":false,"template":"","format":"standard","meta":{"footnotes":""},"categories":[1],"tags":[],"class_list":["post-2040","post","type-post","status-publish","format-standard","has-post-thumbnail","hentry","category-sem-categoria"],"_links":{"self":[{"href":"https:\/\/blogs.correiobraziliense.com.br\/lianasabo\/wp-json\/wp\/v2\/posts\/2040","targetHints":{"allow":["GET"]}}],"collection":[{"href":"https:\/\/blogs.correiobraziliense.com.br\/lianasabo\/wp-json\/wp\/v2\/posts"}],"about":[{"href":"https:\/\/blogs.correiobraziliense.com.br\/lianasabo\/wp-json\/wp\/v2\/types\/post"}],"author":[{"embeddable":true,"href":"https:\/\/blogs.correiobraziliense.com.br\/lianasabo\/wp-json\/wp\/v2\/users\/54"}],"replies":[{"embeddable":true,"href":"https:\/\/blogs.correiobraziliense.com.br\/lianasabo\/wp-json\/wp\/v2\/comments?post=2040"}],"version-history":[{"count":1,"href":"https:\/\/blogs.correiobraziliense.com.br\/lianasabo\/wp-json\/wp\/v2\/posts\/2040\/revisions"}],"predecessor-version":[{"id":2042,"href":"https:\/\/blogs.correiobraziliense.com.br\/lianasabo\/wp-json\/wp\/v2\/posts\/2040\/revisions\/2042"}],"wp:featuredmedia":[{"embeddable":true,"href":"https:\/\/blogs.correiobraziliense.com.br\/lianasabo\/wp-json\/wp\/v2\/media\/2041"}],"wp:attachment":[{"href":"https:\/\/blogs.correiobraziliense.com.br\/lianasabo\/wp-json\/wp\/v2\/media?parent=2040"}],"wp:term":[{"taxonomy":"category","embeddable":true,"href":"https:\/\/blogs.correiobraziliense.com.br\/lianasabo\/wp-json\/wp\/v2\/categories?post=2040"},{"taxonomy":"post_tag","embeddable":true,"href":"https:\/\/blogs.correiobraziliense.com.br\/lianasabo\/wp-json\/wp\/v2\/tags?post=2040"}],"curies":[{"name":"wp","href":"https:\/\/api.w.org\/{rel}","templated":true}]}}