{"id":2015,"date":"2018-01-12T11:17:57","date_gmt":"2018-01-12T13:17:57","guid":{"rendered":"https:\/\/blogs.correiobraziliense.com.br\/lianasabo\/?p=2015"},"modified":"2018-01-11T18:28:58","modified_gmt":"2018-01-11T20:28:58","slug":"confira-sete-razoes-que-fizeram-de-2017-um-bom-ano-para-o-vinho-brasileiro","status":"publish","type":"post","link":"https:\/\/blogs.correiobraziliense.com.br\/lianasabo\/confira-sete-razoes-que-fizeram-de-2017-um-bom-ano-para-o-vinho-brasileiro\/","title":{"rendered":"Confira sete raz\u00f5es que fizeram de 2017 um bom ano para o vinho brasileiro!"},"content":{"rendered":"<p>Se 2017 foi um bom ano para o vinho brasileiro, 2018 promete ser melhor ainda. Segundo o Instituto Brasileiro do Vinho (Ibravin), a proje\u00e7\u00e3o \u00e9 iniciar o ano com 281,3 milh\u00f5es de litros, contra 127,7 milh\u00f5es registrados em 1\u00ba de janeiro do ano passado. Depois da quebra hist\u00f3rica ocorrida em 2016, de 57%, a situa\u00e7\u00e3o se inverteu e as condi\u00e7\u00f5es clim\u00e1ticas foram muito favor\u00e1veis, avaliou Dirceu Scott\u00e1, presidente do Instituto.<\/p>\n<p>O setor s\u00f3 tem motivos para comemorar, como&#8230;<br \/>\n* A Cooperativa Vin\u00edcola Garibaldi, que possui 396 fam\u00edlias associadas, de 12 munic\u00edpios ga\u00fachos, prev\u00ea este ano processar cerca de 19 milh\u00f5es de quilos de uva. Desse total, 20% s\u00e3o para espumantes, sendo que as primeiras variedades Pinot Noir e Chardonnay j\u00e1 est\u00e3o sendo colhidas.<\/p>\n<p>* O Grupo Miolo, cujo espumante Miolo Cuv\u00e9e Tradition Brut Ros\u00e9 \u00e9 o \u00fanico brasileiro na carta de vinhos do novo restaurante The Loyal (uma estrela no Guia Michelin), assinado pelo chef John Fraser, em Nova York. Al\u00e9m disso, a grife ga\u00facha fechou o ano com seis lojas exclusivas na China, que j\u00e1 \u00e9 o maior consumidor de vinho tinto no mundo. As lojas est\u00e3o localizadas em Shanghai (tr\u00eas unidades), Guagzhou, Haikou e Sanya.<\/p>\n<p>* A Casa Valduga foi a vin\u00edcola brasileira mais bem colocada na lista das 100 melhores pela Associa\u00e7\u00e3o Mundial de Jornalistas e Escritores de Vinhos e Licores, concorrendo com mais de 50 mil vin\u00edcolas de v\u00e1rios continentes. A escolha \u00e9 baseada no n\u00famero de premia\u00e7\u00f5es conquistadas pelos produtores de vinho. Veja o ranking completo no site http:\/\/www.wawwj.com.<\/p>\n<p>* Depois de 16 anos \u00e0 frente da \u00e1rea t\u00e9cnica da Lidio Carraro, a en\u00f3loga Monica Rossetti se despede da vin\u00edcola e vai cuidar de sua pr\u00f3pria empresa \u2014 a Rossetti Enologia \u2014, que presta consultoria na It\u00e1lia. Ela assina os vinhos Faces lan\u00e7ados na Copa do Mundo de 2014 e os dos Jogos Ol\u00edmpicos de 2016.<\/p>\n<figure id=\"attachment_2018\" aria-describedby=\"caption-attachment-2018\" style=\"width: 300px\" class=\"wp-caption alignleft\"><a href=\"https:\/\/blogs.correiobraziliense.com.br\/lianasabo\/wp-content\/uploads\/sites\/25\/2018\/01\/CBNFOT170620140772.jpg\" rel=\"attachment wp-att-2018\"><img loading=\"lazy\" decoding=\"async\" class=\"size-medium wp-image-2018\" src=\"https:\/\/blogs.correiobraziliense.com.br\/lianasabo\/wp-content\/uploads\/sites\/25\/2018\/01\/CBNFOT170620140772-300x200.jpg\" alt=\"2014. Cr\u00e9dito: Amanda Jacobus\/Divulga\u00e7\u00e3o. En\u00f3loga M\u00f4nica Rossetti com o vinho Faces.\" width=\"300\" height=\"200\" srcset=\"https:\/\/blogs.correiobraziliense.com.br\/lianasabo\/wp-content\/uploads\/sites\/25\/2018\/01\/CBNFOT170620140772-300x200.jpg 300w, https:\/\/blogs.correiobraziliense.com.br\/lianasabo\/wp-content\/uploads\/sites\/25\/2018\/01\/CBNFOT170620140772-768x512.jpg 768w, https:\/\/blogs.correiobraziliense.com.br\/lianasabo\/wp-content\/uploads\/sites\/25\/2018\/01\/CBNFOT170620140772-550x366.jpg 550w, https:\/\/blogs.correiobraziliense.com.br\/lianasabo\/wp-content\/uploads\/sites\/25\/2018\/01\/CBNFOT170620140772-230x153.jpg 230w, https:\/\/blogs.correiobraziliense.com.br\/lianasabo\/wp-content\/uploads\/sites\/25\/2018\/01\/CBNFOT170620140772.jpg 800w\" sizes=\"auto, (max-width: 300px) 100vw, 300px\" \/><\/a><figcaption id=\"caption-attachment-2018\" class=\"wp-caption-text\">2014. Cr\u00e9dito: Amanda Jacobus\/Divulga\u00e7\u00e3o. En\u00f3loga M\u00f4nica Rossetti com o vinho Faces.<\/figcaption><\/figure>\n<p>* O ano marcou a nova fase da Vin\u00edcola Peterlongo, de Garibaldi, que revitalizou a linha de produtos, gra\u00e7as \u00e0 expertise\u00a0do en\u00f3logo franc\u00eas Pascal Marty, contratado para os pr\u00f3ximos 10 anos.<\/p>\n<p>* A CRS Brands resgata Georges Aubert, uma das marcas pioneiras de espumante no Brasil, que volta nas op\u00e7\u00f5es brut, demi sec, moscatel e a edi\u00e7\u00e3o especial brut ros\u00e9. Foi criado em 1951 em Garibaldi pelo franc\u00eas Georges Aubert, com o nome de champanhe.<\/p>\n<p>&nbsp;<\/p>\n<p>&nbsp;<\/p>\n<p><a href=\"https:\/\/blogs.correiobraziliense.com.br\/lianasabo\/wp-content\/uploads\/sites\/25\/2018\/01\/sommelier.jpg\" rel=\"attachment wp-att-2017\"><img loading=\"lazy\" decoding=\"async\" class=\"alignleft size-medium wp-image-2017\" src=\"https:\/\/blogs.correiobraziliense.com.br\/lianasabo\/wp-content\/uploads\/sites\/25\/2018\/01\/sommelier-225x300.jpg\" alt=\"sommelier\" width=\"225\" height=\"300\" srcset=\"https:\/\/blogs.correiobraziliense.com.br\/lianasabo\/wp-content\/uploads\/sites\/25\/2018\/01\/sommelier-225x300.jpg 225w, https:\/\/blogs.correiobraziliense.com.br\/lianasabo\/wp-content\/uploads\/sites\/25\/2018\/01\/sommelier-768x1024.jpg 768w, https:\/\/blogs.correiobraziliense.com.br\/lianasabo\/wp-content\/uploads\/sites\/25\/2018\/01\/sommelier-550x733.jpg 550w, https:\/\/blogs.correiobraziliense.com.br\/lianasabo\/wp-content\/uploads\/sites\/25\/2018\/01\/sommelier-230x307.jpg 230w, https:\/\/blogs.correiobraziliense.com.br\/lianasabo\/wp-content\/uploads\/sites\/25\/2018\/01\/sommelier.jpg 1200w\" sizes=\"auto, (max-width: 225px) 100vw, 225px\" \/><\/a>* O t\u00edtulo de En\u00f3logo do Ano 2017 saiu para Carlos Abarz\u00faa (<strong>foto<\/strong>), chileno especialista em espumante, que atua h\u00e1 mais de 30 anos na Vin\u00edcola Geisse, localizada em Pinto Bandeira, na Serra Ga\u00facha.<\/p>\n","protected":false},"excerpt":{"rendered":"<p>Se 2017 foi um bom ano para o vinho brasileiro, 2018 promete ser melhor ainda. Segundo o Instituto Brasileiro do Vinho (Ibravin), a proje\u00e7\u00e3o \u00e9 iniciar o ano com 281,3 milh\u00f5es de litros, contra 127,7 milh\u00f5es registrados em 1\u00ba de janeiro do ano passado. Depois da quebra hist\u00f3rica ocorrida em 2016, de 57%, a situa\u00e7\u00e3o se inverteu e as condi\u00e7\u00f5es [&hellip;]<\/p>\n","protected":false},"author":54,"featured_media":2016,"comment_status":"open","ping_status":"open","sticky":false,"template":"","format":"standard","meta":{"footnotes":""},"categories":[1],"tags":[],"class_list":["post-2015","post","type-post","status-publish","format-standard","has-post-thumbnail","hentry","category-sem-categoria"],"_links":{"self":[{"href":"https:\/\/blogs.correiobraziliense.com.br\/lianasabo\/wp-json\/wp\/v2\/posts\/2015","targetHints":{"allow":["GET"]}}],"collection":[{"href":"https:\/\/blogs.correiobraziliense.com.br\/lianasabo\/wp-json\/wp\/v2\/posts"}],"about":[{"href":"https:\/\/blogs.correiobraziliense.com.br\/lianasabo\/wp-json\/wp\/v2\/types\/post"}],"author":[{"embeddable":true,"href":"https:\/\/blogs.correiobraziliense.com.br\/lianasabo\/wp-json\/wp\/v2\/users\/54"}],"replies":[{"embeddable":true,"href":"https:\/\/blogs.correiobraziliense.com.br\/lianasabo\/wp-json\/wp\/v2\/comments?post=2015"}],"version-history":[{"count":1,"href":"https:\/\/blogs.correiobraziliense.com.br\/lianasabo\/wp-json\/wp\/v2\/posts\/2015\/revisions"}],"predecessor-version":[{"id":2019,"href":"https:\/\/blogs.correiobraziliense.com.br\/lianasabo\/wp-json\/wp\/v2\/posts\/2015\/revisions\/2019"}],"wp:featuredmedia":[{"embeddable":true,"href":"https:\/\/blogs.correiobraziliense.com.br\/lianasabo\/wp-json\/wp\/v2\/media\/2016"}],"wp:attachment":[{"href":"https:\/\/blogs.correiobraziliense.com.br\/lianasabo\/wp-json\/wp\/v2\/media?parent=2015"}],"wp:term":[{"taxonomy":"category","embeddable":true,"href":"https:\/\/blogs.correiobraziliense.com.br\/lianasabo\/wp-json\/wp\/v2\/categories?post=2015"},{"taxonomy":"post_tag","embeddable":true,"href":"https:\/\/blogs.correiobraziliense.com.br\/lianasabo\/wp-json\/wp\/v2\/tags?post=2015"}],"curies":[{"name":"wp","href":"https:\/\/api.w.org\/{rel}","templated":true}]}}