{"id":1998,"date":"2018-01-05T12:29:14","date_gmt":"2018-01-05T14:29:14","guid":{"rendered":"https:\/\/blogs.correiobraziliense.com.br\/lianasabo\/?p=1998"},"modified":"2018-01-04T18:42:05","modified_gmt":"2018-01-04T20:42:05","slug":"relembre-os-destaques-gastronomicos-de-2017","status":"publish","type":"post","link":"https:\/\/blogs.correiobraziliense.com.br\/lianasabo\/relembre-os-destaques-gastronomicos-de-2017\/","title":{"rendered":"Relembre os destaques gastron\u00f4micos de 2017"},"content":{"rendered":"<p>N\u00e3o foi o primeiro nem ser\u00e1 o \u00faltimo grupo da alta gastronomia a popularizar sua marca em produtos que podem ser levados para casa. Depois do sucesso dos vinhos e Prosecco, o portf\u00f3lio da marca Fasano desembarcou no Brasil gra\u00e7as a uma parceria com La Pastina. Desde a metade do ano, quem chegasse ao Gero j\u00e1 poderia visualizar no centro do sal\u00e3o um suporte com massas secas, aceto bals\u00e2mico, molhos de tomate, al\u00e9m de arroz arb\u00f3reo.<br \/>\nOutra tend\u00eancia que se viu foi a vinda do poke, um prato caseiro, de influencia japonesa, feito \u00e0 base de peixe cru cortado em cubos, marinado e servido em um bowl com arroz e acompanhado de verduras. Leve e r\u00e1pido de fazer, surgiu para aplacar a fome dos surfistas em Honolulu. Aqui, voc\u00ea encontra no The Poke Bowl, que funciona no shopping Boulevard e na Esta\u00e7\u00e3o Poke, que abrir\u00e1 as portas dia 10 no Plaza Norte (110\/111 Norte).<\/p>\n<h2>Sem apoio<\/h2>\n<p>A cultura est\u00e1 cada vez mais desassistida. Pela primeira vez, o Festival Internacional de Cinema e Alimenta\u00e7\u00e3o, conhecido como Slow Filme, realizou a oitava edi\u00e7\u00e3o na segunda quinzena de setembro, no Cine Pireneus, em Piren\u00f3polis, vizinha cidade goiana, sem qualquer aporte oficial.<br \/>\n\u201cN\u00f3s n\u00e3o obtivemos, este ano, nenhum patroc\u00ednio para a realiza\u00e7\u00e3o do festival\u201d, proclamou, na abertura do evento, a jornalista Carmem Moretzsohn, uma das duas s\u00f3cias do Objeto Sim Projetos Culturais Ltda. A outra \u00e9 Gioconda Caputo. H\u00e1 17 anos, as duas comandam a empresa de produ\u00e7\u00e3o cultural sediada em Bras\u00edlia, que promove o Slow Filme, cuja curadoria \u00e9 feita pelo cineasta e cr\u00edtico S\u00e9rgio Moriconi.<\/p>\n<h2>Parcerias<\/h2>\n<figure id=\"attachment_2001\" aria-describedby=\"caption-attachment-2001\" style=\"width: 800px\" class=\"wp-caption aligncenter\"><a href=\"https:\/\/blogs.correiobraziliense.com.br\/lianasabo\/wp-content\/uploads\/sites\/25\/2018\/01\/CBNFOT020120181640.jpg\" rel=\"attachment wp-att-2001\"><img loading=\"lazy\" decoding=\"async\" class=\"size-full wp-image-2001\" src=\"https:\/\/blogs.correiobraziliense.com.br\/lianasabo\/wp-content\/uploads\/sites\/25\/2018\/01\/CBNFOT020120181640.jpg\" alt=\"02\/01\/2018. Cr\u00e9dito: Liana Sabo\/CB\/D.A Press. Brasil. Chef Fatou Aboua, refugiada da Costa do Marfim, cozinha iguaria de carne amendoim no Restaurante Mont Serrat em em Pirenopolis - GO.\" width=\"800\" height=\"1066\" srcset=\"https:\/\/blogs.correiobraziliense.com.br\/lianasabo\/wp-content\/uploads\/sites\/25\/2018\/01\/CBNFOT020120181640.jpg 800w, https:\/\/blogs.correiobraziliense.com.br\/lianasabo\/wp-content\/uploads\/sites\/25\/2018\/01\/CBNFOT020120181640-225x300.jpg 225w, https:\/\/blogs.correiobraziliense.com.br\/lianasabo\/wp-content\/uploads\/sites\/25\/2018\/01\/CBNFOT020120181640-768x1024.jpg 768w, https:\/\/blogs.correiobraziliense.com.br\/lianasabo\/wp-content\/uploads\/sites\/25\/2018\/01\/CBNFOT020120181640-550x733.jpg 550w, https:\/\/blogs.correiobraziliense.com.br\/lianasabo\/wp-content\/uploads\/sites\/25\/2018\/01\/CBNFOT020120181640-230x306.jpg 230w\" sizes=\"auto, (max-width: 800px) 100vw, 800px\" \/><\/a><figcaption id=\"caption-attachment-2001\" class=\"wp-caption-text\">02\/01\/2018. Cr\u00e9dito: Liana Sabo\/CB\/D.A Press. Brasil. Chef Fatou Aboua, refugiada da Costa do Marfim, cozinha iguaria de carne amendoim no Restaurante Mont Serrat em em Pirenopolis &#8211; GO.<\/figcaption><\/figure>\n<p>O evento teve como tema a comida de refugiados e imigrantes.\u201cO festival s\u00f3 p\u00f4de ser realizado gra\u00e7as \u00e0 parceria com sete embaixadas, que se dispuseram a pagar custos com direitos de exibi\u00e7\u00e3o e legendagem, al\u00e9m de auxiliar na promo\u00e7\u00e3o de degusta\u00e7\u00f5es\u201d, resume Moretzsohn. Em sua maioria in\u00e9ditos, os filmes foram trazidos pelas embaixadas da Espanha, Fran\u00e7a, Turquia, Argentina, It\u00e1lia e Austr\u00e1lia.<br \/>\nA Secretaria de Cultura de Piren\u00f3polis tamb\u00e9m prestou apoio cedendo as instala\u00e7\u00f5es do Cine Pireneus, onde tem sido realizado o festival desde a primeira edi\u00e7\u00e3o. Outra ajuda veio do com\u00e9rcio local, mediante parcerias com pousadas e restaurantes que permitiram alojar palestrantes e convidados e aliment\u00e1-los durante o evento.<\/p>\n<h2>O que abriu<\/h2>\n<p>* ArabSweets, doces \u00e1rabes na 408 Sul<br \/>\n* Lo Voglio, gelato italiano no Ven\u00e2ncio Shopping<br \/>\n* \u00c1rabe Gourmet, cozinha \u00e1rabe na 404 Sul<br \/>\n* Domaine bar \u00e0 vin, na 104 Sul<br \/>\n* Taj Mahal, dentro da Hostaria del sapori, na 212 Sul, Bloco A, Telefone: 4101-9084<br \/>\n* Mazutan, de cozinha contempor\u00e2nea na 201 Sul<br \/>\n* Oma, de culin\u00e1ria japonesa revisitada na 411 Sul<br \/>\n* Brace, especializado em grelhados na 404 Sul<br \/>\n* Eu chef, espa\u00e7o gastron\u00f4mico na 408 Sul<br \/>\n* C\u00e3o V\u00e9io, franquia de gastropub paulistano na 404 Sul<br \/>\n* Confeitaria Duna, especializada na culin\u00e1ria h\u00fangara, na 214 Norte, Bloco C, Telefone 3576-0102<br \/>\n* La Boulangerie bistr\u00f4t, padaria e rest\u00f4 no CasaPark<br \/>\n* Taj Bar, mix de lounge, m\u00fasica e culin\u00e1ria oriental<br \/>\n* The Black Beef, hamburgueria alagoana na 402 Sul<br \/>\n* Cast\u00e1lia, padaria trabalha com o fermento natural levain na 102 Norte, Bloco D Telefone 3081-8899<br \/>\n* Cardabelle, padaria especializada em t\u00e9cnicas francesas, na 403 Norte, Bloco E, Telefone 3033-6684;<br \/>\n* Paris 6, filial paulistana de cozinha variada com pratos com nomes de artistas<br \/>\n* Cont\u00ea, de cozinha contempor\u00e2nea, na 403 Sul<br \/>\n* Don Espettoria, especializado em espetinhos na 412 Sul<br \/>\n* Mr. Fit, franquia de comida natural no Shopping ID<br \/>\n* Minas Bistr\u00f4, de pratos mineiros servidos em panelinhas no Sudoeste<br \/>\n* Otramanera, de card\u00e1pio latino na 413 Sul<br \/>\n* Sal\u00fa Caf\u00e9 Bistr\u00f4, montado dentro de loja de roupas na Comercial Sul de Taguatinga<br \/>\n* Club Life, fast food low carb na 103 Sul<br \/>\n* Leovanna, de comida brasileira n 202 Sul<br \/>\n* Mangai, de culin\u00e1ria nordestina no Shopping ID<br \/>\n* P\u00e1prica, hamburgueria em cont\u00eainer no Eixo Monumental<br \/>\n* Caminito Parrilla de grelhados substitui o Piazza 8 na Quadra 8 do SIG<br \/>\n* Mei Wei, de culin\u00e1ria chinesa no Shopping DF Plaza, em \u00c1guas Claras, que tambem recebeu Outback e Coco Bambu<br \/>\n* Ouri\u00e7o, de cozinha contempor\u00e2nea na QI 21 do Lago Sul<br \/>\n* LaaP, de culin\u00e1ria argentina no Ven\u00e2ncio Shopping<br \/>\n* B, de Burger, hamburgueira carioca na 402 Sul<br \/>\n* CowTainer, especializado em costela bovina no Pier 21<br \/>\n* Lago, de cozinha contempor\u00e2nea na QI 5 do Lago<\/p>\n<h2>O que fechou em 2017<\/h2>\n<p>Gazebo<br \/>\nMercado Municipal<br \/>\nRed Lobster<br \/>\nVilla Borghese<br \/>\nIsla<br \/>\nBendito suco<br \/>\nEl Negro<br \/>\nGaia<br \/>\nIn\u00e1cia Poulet R\u00f4ti<br \/>\nJambu<br \/>\nParadiso<br \/>\nAncho<br \/>\nTaiko<br \/>\nToujours<br \/>\nBalada Mix<br \/>\nSossega Madalena<br \/>\nMazutan<br \/>\nEl Point peruano<br \/>\nCaf\u00e9 Martinica<br \/>\nfecharam<\/p>\n<p>&nbsp;<\/p>\n","protected":false},"excerpt":{"rendered":"<p>N\u00e3o foi o primeiro nem ser\u00e1 o \u00faltimo grupo da alta gastronomia a popularizar sua marca em produtos que podem ser levados para casa. Depois do sucesso dos vinhos e Prosecco, o portf\u00f3lio da marca Fasano desembarcou no Brasil gra\u00e7as a uma parceria com La Pastina. Desde a metade do ano, quem chegasse ao Gero j\u00e1 poderia visualizar no centro [&hellip;]<\/p>\n","protected":false},"author":57,"featured_media":1999,"comment_status":"open","ping_status":"open","sticky":false,"template":"","format":"standard","meta":{"footnotes":""},"categories":[1],"tags":[],"class_list":["post-1998","post","type-post","status-publish","format-standard","has-post-thumbnail","hentry","category-sem-categoria"],"_links":{"self":[{"href":"https:\/\/blogs.correiobraziliense.com.br\/lianasabo\/wp-json\/wp\/v2\/posts\/1998","targetHints":{"allow":["GET"]}}],"collection":[{"href":"https:\/\/blogs.correiobraziliense.com.br\/lianasabo\/wp-json\/wp\/v2\/posts"}],"about":[{"href":"https:\/\/blogs.correiobraziliense.com.br\/lianasabo\/wp-json\/wp\/v2\/types\/post"}],"author":[{"embeddable":true,"href":"https:\/\/blogs.correiobraziliense.com.br\/lianasabo\/wp-json\/wp\/v2\/users\/57"}],"replies":[{"embeddable":true,"href":"https:\/\/blogs.correiobraziliense.com.br\/lianasabo\/wp-json\/wp\/v2\/comments?post=1998"}],"version-history":[{"count":2,"href":"https:\/\/blogs.correiobraziliense.com.br\/lianasabo\/wp-json\/wp\/v2\/posts\/1998\/revisions"}],"predecessor-version":[{"id":2003,"href":"https:\/\/blogs.correiobraziliense.com.br\/lianasabo\/wp-json\/wp\/v2\/posts\/1998\/revisions\/2003"}],"wp:featuredmedia":[{"embeddable":true,"href":"https:\/\/blogs.correiobraziliense.com.br\/lianasabo\/wp-json\/wp\/v2\/media\/1999"}],"wp:attachment":[{"href":"https:\/\/blogs.correiobraziliense.com.br\/lianasabo\/wp-json\/wp\/v2\/media?parent=1998"}],"wp:term":[{"taxonomy":"category","embeddable":true,"href":"https:\/\/blogs.correiobraziliense.com.br\/lianasabo\/wp-json\/wp\/v2\/categories?post=1998"},{"taxonomy":"post_tag","embeddable":true,"href":"https:\/\/blogs.correiobraziliense.com.br\/lianasabo\/wp-json\/wp\/v2\/tags?post=1998"}],"curies":[{"name":"wp","href":"https:\/\/api.w.org\/{rel}","templated":true}]}}