{"id":1959,"date":"2017-12-27T22:11:32","date_gmt":"2017-12-28T00:11:32","guid":{"rendered":"https:\/\/blogs.correiobraziliense.com.br\/lianasabo\/?p=1959"},"modified":"2017-12-27T22:11:32","modified_gmt":"2017-12-28T00:11:32","slug":"novo-piantella-faz-reveillon-com-show-do-cover-de-roberto-carlos","status":"publish","type":"post","link":"https:\/\/blogs.correiobraziliense.com.br\/lianasabo\/novo-piantella-faz-reveillon-com-show-do-cover-de-roberto-carlos\/","title":{"rendered":"Novo Piantella faz r\u00e9veillon com show do cover de Roberto Carlos"},"content":{"rendered":"<p>Um ano depois de ter mudado de m\u00e3os, o Piantella (202 Sul) comemora em grande estilo a virada para 2018 como o mais tradicional reduto gastron\u00f4mico da cidade, que sobreviveu a todas as turbul\u00eancias em seus quarenta anos de funcionamento.<\/p>\n<p>\u201cBras\u00edlia que nos deu muita alegria desde que chegamos aqui no fim de 2016, por isso retribu\u00edmos com uma noitada de boa m\u00fasica e belas can\u00e7\u00f5es\u201d, diz Jacqueline Peres, administradora da casa, e que j\u00e1 se sente totalmente integrada \u00e0 cidade. Tanto, que \u201cgarimpou\u201d na noite uma das mais festejadas cantoras brasilienses: Ana Donizete, cuja bela voz embalou gera\u00e7\u00f5es no mais sofisticado endere\u00e7o do Centro Comercial Gilberto Salom\u00e3o, o Gaf.<\/p>\n<p><strong>Programa\u00e7\u00e3o<\/strong><\/p>\n<p>Na noite do dia 31, domingo, Donizete se apresentar\u00e1 depois do show do s\u00f3sia de Roberto Carlos, que incorpora o Rei at\u00e9 no vestu\u00e1rio. Na vida real, o s\u00f3sia se chama Alan Barreto e conta que tem enorme prazer em fazer a alegria dos f\u00e3s do rei.<\/p>\n<p>\u201cOlha, bicho, \u00e9 com carinho que eu represento o Rei Roberto Carlos, porque ele \u00e9 eterno\u201d. Com esta senha, o cover d\u00e1 in\u00edcio ao espet\u00e1culo, sucess\u00e3o de grandes hits, que arrancam suspiros dos f\u00e3s.<br \/>\nNessa noite, o Piantella vai funcionar com o card\u00e1pio aberto, podendo ser pedido qualquer um de seus pratos \u00edcones, como o camar\u00e3o no champanhe; o fil\u00e9 moscovita e uma deliciosa lasanha de bacalhau, especialmente elaborada para o R\u00e9veillon. Ser\u00e1 cobrado um couvert art\u00edstico de R$ 30. Reservas pelos telefones 3224-9408 e 3223-3370.<br \/>\n28<br \/>\nA casa com fachada de Athos Bulc\u00e3o, que pertencia ao advogado Antonio Carlos de Almeida Castro, o Kakay, foi adquirida em meados do ano passado pelo empres\u00e1rio Omar Resende Peres, propriet\u00e1rio tamb\u00e9m do Bar Lagoa, da Fiorentina e do Hippopotamos, em parceria com Ricardo Amaral, no Rio de Janeiro. Recentemente, o restaurateur comprou o Jornal do Brasil.<\/p>\n","protected":false},"excerpt":{"rendered":"<p>Um ano depois de ter mudado de m\u00e3os, o Piantella (202 Sul) comemora em grande estilo a virada para 2018 como o mais tradicional reduto gastron\u00f4mico da cidade, que sobreviveu a todas as turbul\u00eancias em seus quarenta anos de funcionamento.<\/p>\n","protected":false},"author":54,"featured_media":1960,"comment_status":"open","ping_status":"open","sticky":false,"template":"","format":"standard","meta":{"footnotes":""},"categories":[1],"tags":[],"class_list":["post-1959","post","type-post","status-publish","format-standard","has-post-thumbnail","hentry","category-sem-categoria"],"_links":{"self":[{"href":"https:\/\/blogs.correiobraziliense.com.br\/lianasabo\/wp-json\/wp\/v2\/posts\/1959","targetHints":{"allow":["GET"]}}],"collection":[{"href":"https:\/\/blogs.correiobraziliense.com.br\/lianasabo\/wp-json\/wp\/v2\/posts"}],"about":[{"href":"https:\/\/blogs.correiobraziliense.com.br\/lianasabo\/wp-json\/wp\/v2\/types\/post"}],"author":[{"embeddable":true,"href":"https:\/\/blogs.correiobraziliense.com.br\/lianasabo\/wp-json\/wp\/v2\/users\/54"}],"replies":[{"embeddable":true,"href":"https:\/\/blogs.correiobraziliense.com.br\/lianasabo\/wp-json\/wp\/v2\/comments?post=1959"}],"version-history":[{"count":1,"href":"https:\/\/blogs.correiobraziliense.com.br\/lianasabo\/wp-json\/wp\/v2\/posts\/1959\/revisions"}],"predecessor-version":[{"id":1961,"href":"https:\/\/blogs.correiobraziliense.com.br\/lianasabo\/wp-json\/wp\/v2\/posts\/1959\/revisions\/1961"}],"wp:featuredmedia":[{"embeddable":true,"href":"https:\/\/blogs.correiobraziliense.com.br\/lianasabo\/wp-json\/wp\/v2\/media\/1960"}],"wp:attachment":[{"href":"https:\/\/blogs.correiobraziliense.com.br\/lianasabo\/wp-json\/wp\/v2\/media?parent=1959"}],"wp:term":[{"taxonomy":"category","embeddable":true,"href":"https:\/\/blogs.correiobraziliense.com.br\/lianasabo\/wp-json\/wp\/v2\/categories?post=1959"},{"taxonomy":"post_tag","embeddable":true,"href":"https:\/\/blogs.correiobraziliense.com.br\/lianasabo\/wp-json\/wp\/v2\/tags?post=1959"}],"curies":[{"name":"wp","href":"https:\/\/api.w.org\/{rel}","templated":true}]}}