{"id":1952,"date":"2017-12-22T12:49:18","date_gmt":"2017-12-22T14:49:18","guid":{"rendered":"https:\/\/blogs.correiobraziliense.com.br\/lianasabo\/?p=1952"},"modified":"2017-12-21T18:50:23","modified_gmt":"2017-12-21T20:50:23","slug":"belini","status":"publish","type":"post","link":"https:\/\/blogs.correiobraziliense.com.br\/lianasabo\/belini\/","title":{"rendered":"Belini se inspira no bolo red velvet para panetone"},"content":{"rendered":"<p>A onda da fermenta\u00e7\u00e3o natural na panifica\u00e7\u00e3o se espalhou at\u00e9 o panetone. Na Belini P\u00e3es &amp; Gastronomia (113 Sul), a novidade se inspirou no bolo red velvet e saiu um lindo panetone coberto de fondant, cuja receita inclui suco de beterraba, leite condensado, chocolate branco e creme de leite. Por R$ 79,90 aproximadamente 500g.<\/p>\n","protected":false},"excerpt":{"rendered":"<p>A onda da fermenta\u00e7\u00e3o natural na panifica\u00e7\u00e3o se espalhou at\u00e9 o panetone. Na Belini P\u00e3es &amp; Gastronomia (113 Sul), a novidade se inspirou no bolo red velvet e saiu um lindo panetone coberto de fondant, cuja receita inclui suco de beterraba, leite condensado, chocolate branco e creme de leite. Por R$ 79,90 aproximadamente 500g.<\/p>\n","protected":false},"author":54,"featured_media":0,"comment_status":"open","ping_status":"open","sticky":false,"template":"","format":"standard","meta":{"footnotes":""},"categories":[1],"tags":[],"class_list":["post-1952","post","type-post","status-publish","format-standard","hentry","category-sem-categoria"],"_links":{"self":[{"href":"https:\/\/blogs.correiobraziliense.com.br\/lianasabo\/wp-json\/wp\/v2\/posts\/1952","targetHints":{"allow":["GET"]}}],"collection":[{"href":"https:\/\/blogs.correiobraziliense.com.br\/lianasabo\/wp-json\/wp\/v2\/posts"}],"about":[{"href":"https:\/\/blogs.correiobraziliense.com.br\/lianasabo\/wp-json\/wp\/v2\/types\/post"}],"author":[{"embeddable":true,"href":"https:\/\/blogs.correiobraziliense.com.br\/lianasabo\/wp-json\/wp\/v2\/users\/54"}],"replies":[{"embeddable":true,"href":"https:\/\/blogs.correiobraziliense.com.br\/lianasabo\/wp-json\/wp\/v2\/comments?post=1952"}],"version-history":[{"count":1,"href":"https:\/\/blogs.correiobraziliense.com.br\/lianasabo\/wp-json\/wp\/v2\/posts\/1952\/revisions"}],"predecessor-version":[{"id":1953,"href":"https:\/\/blogs.correiobraziliense.com.br\/lianasabo\/wp-json\/wp\/v2\/posts\/1952\/revisions\/1953"}],"wp:attachment":[{"href":"https:\/\/blogs.correiobraziliense.com.br\/lianasabo\/wp-json\/wp\/v2\/media?parent=1952"}],"wp:term":[{"taxonomy":"category","embeddable":true,"href":"https:\/\/blogs.correiobraziliense.com.br\/lianasabo\/wp-json\/wp\/v2\/categories?post=1952"},{"taxonomy":"post_tag","embeddable":true,"href":"https:\/\/blogs.correiobraziliense.com.br\/lianasabo\/wp-json\/wp\/v2\/tags?post=1952"}],"curies":[{"name":"wp","href":"https:\/\/api.w.org\/{rel}","templated":true}]}}