{"id":1949,"date":"2017-12-22T12:00:44","date_gmt":"2017-12-22T14:00:44","guid":{"rendered":"https:\/\/blogs.correiobraziliense.com.br\/lianasabo\/?p=1949"},"modified":"2017-12-24T09:08:07","modified_gmt":"2017-12-24T11:08:07","slug":"ja-provou-o-bolotone-de-natal","status":"publish","type":"post","link":"https:\/\/blogs.correiobraziliense.com.br\/lianasabo\/ja-provou-o-bolotone-de-natal\/","title":{"rendered":"J\u00e1 provou o Bolotone de Natal?"},"content":{"rendered":"<p>Criado com base nas receitas da av\u00f3, Cec\u00edlia Vict\u00f3rio lan\u00e7a o Bolotone de Natal, misto de bolo com panetone, coberto de calda de a\u00e7\u00facar e frutas com massa de um leve toque c\u00edtrico e recheio de glac\u00ea com nozes, castanha-do-Brasil, uvas-passas brancas e pretas, ameixas, frutas cristalizadas e cereja. Sai por R$ 59,90 nas lojas Bolos da Cec\u00edlia, na 203 Sul e na Rua 9 Sul, em \u00c1guas Claras.<\/p>\n","protected":false},"excerpt":{"rendered":"<p>Criado com base nas receitas da av\u00f3, Cec\u00edlia Vict\u00f3rio lan\u00e7a o Bolotone de Natal, misto de bolo com panetone, coberto de calda de a\u00e7\u00facar e frutas com massa de um leve toque c\u00edtrico e recheio de glac\u00ea com nozes, castanha-do-Brasil, uvas-passas brancas e pretas, ameixas, frutas cristalizadas e cereja. Sai por R$ 59,90 nas lojas Bolos da Cec\u00edlia, na 203 [&hellip;]<\/p>\n","protected":false},"author":54,"featured_media":1950,"comment_status":"open","ping_status":"open","sticky":false,"template":"","format":"standard","meta":{"footnotes":""},"categories":[1],"tags":[],"class_list":["post-1949","post","type-post","status-publish","format-standard","has-post-thumbnail","hentry","category-sem-categoria"],"_links":{"self":[{"href":"https:\/\/blogs.correiobraziliense.com.br\/lianasabo\/wp-json\/wp\/v2\/posts\/1949","targetHints":{"allow":["GET"]}}],"collection":[{"href":"https:\/\/blogs.correiobraziliense.com.br\/lianasabo\/wp-json\/wp\/v2\/posts"}],"about":[{"href":"https:\/\/blogs.correiobraziliense.com.br\/lianasabo\/wp-json\/wp\/v2\/types\/post"}],"author":[{"embeddable":true,"href":"https:\/\/blogs.correiobraziliense.com.br\/lianasabo\/wp-json\/wp\/v2\/users\/54"}],"replies":[{"embeddable":true,"href":"https:\/\/blogs.correiobraziliense.com.br\/lianasabo\/wp-json\/wp\/v2\/comments?post=1949"}],"version-history":[{"count":1,"href":"https:\/\/blogs.correiobraziliense.com.br\/lianasabo\/wp-json\/wp\/v2\/posts\/1949\/revisions"}],"predecessor-version":[{"id":1951,"href":"https:\/\/blogs.correiobraziliense.com.br\/lianasabo\/wp-json\/wp\/v2\/posts\/1949\/revisions\/1951"}],"wp:featuredmedia":[{"embeddable":true,"href":"https:\/\/blogs.correiobraziliense.com.br\/lianasabo\/wp-json\/wp\/v2\/media\/1950"}],"wp:attachment":[{"href":"https:\/\/blogs.correiobraziliense.com.br\/lianasabo\/wp-json\/wp\/v2\/media?parent=1949"}],"wp:term":[{"taxonomy":"category","embeddable":true,"href":"https:\/\/blogs.correiobraziliense.com.br\/lianasabo\/wp-json\/wp\/v2\/categories?post=1949"},{"taxonomy":"post_tag","embeddable":true,"href":"https:\/\/blogs.correiobraziliense.com.br\/lianasabo\/wp-json\/wp\/v2\/tags?post=1949"}],"curies":[{"name":"wp","href":"https:\/\/api.w.org\/{rel}","templated":true}]}}