{"id":1854,"date":"2017-11-24T06:40:22","date_gmt":"2017-11-24T08:40:22","guid":{"rendered":"https:\/\/blogs.correiobraziliense.com.br\/lianasabo\/?p=1854"},"modified":"2017-11-24T19:09:46","modified_gmt":"2017-11-24T21:09:46","slug":"restaurante-mangai-ganha-novo-espaco-na-asa-norte","status":"publish","type":"post","link":"https:\/\/blogs.correiobraziliense.com.br\/lianasabo\/restaurante-mangai-ganha-novo-espaco-na-asa-norte\/","title":{"rendered":"Restaurante Mangai ganha novo espa\u00e7o na Asa Norte"},"content":{"rendered":"<p>Obras atrasam sempre e em todos os lugares. N\u00e3o se tiverem \u00e0 frente a guerreira Lorena Tavares, s\u00f3cia e administradora da rede Mangai, que se envolve diretamente no cumprimento de cronogramas. No fim de junho, depois de ouvi-la em frente ao tapume da segunda loja no Shopping ID, a coluna publicou-lhe a foto anunciando que abriria em novembro. Dito e feito.<br \/>\n\u201cNos \u00faltimos dias, n\u00e3o arredamos o p\u00e9 daqui, da manh\u00e3 \u00e0 noite\u201d, confessou Lorena, ao lado da fam\u00edlia (a m\u00e3e conhecida como Pareia fundou o Mangai, em Jo\u00e3o Pessoa), na abertura da marca, que \u00e9 \u00edcone da culin\u00e1ria nordestina na cidade. Al\u00e9m do variado buf\u00ea no quilo e de alguns pratos tradicionais sugeridos no card\u00e1pio do almo\u00e7o, a nova opera\u00e7\u00e3o inova nos lanches.<\/p>\n<figure id=\"attachment_1855\" aria-describedby=\"caption-attachment-1855\" style=\"width: 1200px\" class=\"wp-caption aligncenter\"><a href=\"https:\/\/blogs.correiobraziliense.com.br\/lianasabo\/wp-content\/uploads\/sites\/25\/2017\/11\/Mangai.jpg\" rel=\"attachment wp-att-1855\"><img loading=\"lazy\" decoding=\"async\" class=\"size-full wp-image-1855\" src=\"https:\/\/blogs.correiobraziliense.com.br\/lianasabo\/wp-content\/uploads\/sites\/25\/2017\/11\/Mangai.jpg\" alt=\"Mangai\" width=\"1200\" height=\"650\" srcset=\"https:\/\/blogs.correiobraziliense.com.br\/lianasabo\/wp-content\/uploads\/sites\/25\/2017\/11\/Mangai.jpg 1200w, https:\/\/blogs.correiobraziliense.com.br\/lianasabo\/wp-content\/uploads\/sites\/25\/2017\/11\/Mangai-300x163.jpg 300w, https:\/\/blogs.correiobraziliense.com.br\/lianasabo\/wp-content\/uploads\/sites\/25\/2017\/11\/Mangai-768x416.jpg 768w, https:\/\/blogs.correiobraziliense.com.br\/lianasabo\/wp-content\/uploads\/sites\/25\/2017\/11\/Mangai-1024x555.jpg 1024w, https:\/\/blogs.correiobraziliense.com.br\/lianasabo\/wp-content\/uploads\/sites\/25\/2017\/11\/Mangai-550x298.jpg 550w, https:\/\/blogs.correiobraziliense.com.br\/lianasabo\/wp-content\/uploads\/sites\/25\/2017\/11\/Mangai-230x125.jpg 230w\" sizes=\"auto, (max-width: 1200px) 100vw, 1200px\" \/><\/a><figcaption id=\"caption-attachment-1855\" class=\"wp-caption-text\">Novo restaurante Mangai. Cr\u00e9dito: R\u00f4mulo Juracy\/Divulga\u00e7\u00e3o.<\/figcaption><\/figure>\n<p>Durante toda a tarde e \u00e0 noite, comidinhas com apelo regional saem de uma cozinha aberta ao p\u00fablico, que poder\u00e1 acompanhar a confec\u00e7\u00e3o do carro-chefe: trio de p\u00e3o de macaxeira, no qual vem queijo coalho, queijo de manteiga derretido e carne de sol com nata. \u00c9 quase uma refei\u00e7\u00e3o por R$ 22.<br \/>\nL\u00e1 tamb\u00e9m s\u00e3o preparadas as deliciosas tapiocas e o cuscuz que, somados com os itens do buf\u00ea, chegam a mais de 200 op\u00e7\u00f5es, que incluem sopas e caldos noturnos. O novo Mangai, na Asa Norte, tem 1.100 metros quadrados de \u00e1rea e nela cabem 350 pessoas.<br \/>\nFunciona de domingo \u00e0 quinta, das 11h \u00e0s 22h e sexta e s\u00e1bado, das 11h \u00e0s 23h. E-mail: marketing@mangai.com.br<\/p>\n","protected":false},"excerpt":{"rendered":"<p>Obras atrasam sempre e em todos os lugares. N\u00e3o se tiverem \u00e0 frente a guerreira Lorena Tavares, s\u00f3cia e administradora da rede Mangai, que se envolve diretamente no cumprimento de cronogramas. No fim de junho, depois de ouvi-la em frente ao tapume da segunda loja no Shopping ID, a coluna publicou-lhe a foto anunciando que abriria em novembro. Dito e [&hellip;]<\/p>\n","protected":false},"author":54,"featured_media":1856,"comment_status":"open","ping_status":"open","sticky":false,"template":"","format":"standard","meta":{"footnotes":""},"categories":[1],"tags":[],"class_list":["post-1854","post","type-post","status-publish","format-standard","has-post-thumbnail","hentry","category-sem-categoria"],"_links":{"self":[{"href":"https:\/\/blogs.correiobraziliense.com.br\/lianasabo\/wp-json\/wp\/v2\/posts\/1854","targetHints":{"allow":["GET"]}}],"collection":[{"href":"https:\/\/blogs.correiobraziliense.com.br\/lianasabo\/wp-json\/wp\/v2\/posts"}],"about":[{"href":"https:\/\/blogs.correiobraziliense.com.br\/lianasabo\/wp-json\/wp\/v2\/types\/post"}],"author":[{"embeddable":true,"href":"https:\/\/blogs.correiobraziliense.com.br\/lianasabo\/wp-json\/wp\/v2\/users\/54"}],"replies":[{"embeddable":true,"href":"https:\/\/blogs.correiobraziliense.com.br\/lianasabo\/wp-json\/wp\/v2\/comments?post=1854"}],"version-history":[{"count":1,"href":"https:\/\/blogs.correiobraziliense.com.br\/lianasabo\/wp-json\/wp\/v2\/posts\/1854\/revisions"}],"predecessor-version":[{"id":1857,"href":"https:\/\/blogs.correiobraziliense.com.br\/lianasabo\/wp-json\/wp\/v2\/posts\/1854\/revisions\/1857"}],"wp:featuredmedia":[{"embeddable":true,"href":"https:\/\/blogs.correiobraziliense.com.br\/lianasabo\/wp-json\/wp\/v2\/media\/1856"}],"wp:attachment":[{"href":"https:\/\/blogs.correiobraziliense.com.br\/lianasabo\/wp-json\/wp\/v2\/media?parent=1854"}],"wp:term":[{"taxonomy":"category","embeddable":true,"href":"https:\/\/blogs.correiobraziliense.com.br\/lianasabo\/wp-json\/wp\/v2\/categories?post=1854"},{"taxonomy":"post_tag","embeddable":true,"href":"https:\/\/blogs.correiobraziliense.com.br\/lianasabo\/wp-json\/wp\/v2\/tags?post=1854"}],"curies":[{"name":"wp","href":"https:\/\/api.w.org\/{rel}","templated":true}]}}