{"id":1807,"date":"2017-11-16T08:47:55","date_gmt":"2017-11-16T10:47:55","guid":{"rendered":"https:\/\/blogs.correiobraziliense.com.br\/lianasabo\/?p=1807"},"modified":"2017-11-16T08:57:12","modified_gmt":"2017-11-16T10:57:12","slug":"festival-bar-em-bar-chega-11a-edicao-em-brasilia","status":"publish","type":"post","link":"https:\/\/blogs.correiobraziliense.com.br\/lianasabo\/festival-bar-em-bar-chega-11a-edicao-em-brasilia\/","title":{"rendered":"Festival Bar em Bar chega \u00e0 11\u00aa edi\u00e7\u00e3o em Bras\u00edlia"},"content":{"rendered":"<p>J\u00e1 est\u00e1 em curso, desde quinta-feira, 16 de novembro, a 11\u00aa edi\u00e7\u00e3o do Bar em Bar, que re\u00fane este ano 31 estabelecimentos no Distrito Federal sob o tema \u201cO festival que celebra as melhores conex\u00f5es\u201d. Pelo quarto ano consecutivo, a programa\u00e7\u00e3o mant\u00e9m o mesmo valor do petisco: R$ 30. S\u00e3o receitas elaboradas exclusivamente para o certame e podem servir de uma a tr\u00eas pessoas.<\/p>\n<figure id=\"attachment_1811\" aria-describedby=\"caption-attachment-1811\" style=\"width: 800px\" class=\"wp-caption aligncenter\"><a href=\"https:\/\/blogs.correiobraziliense.com.br\/lianasabo\/wp-content\/uploads\/sites\/25\/2017\/11\/CBNFOT151120172163.jpg\" rel=\"attachment wp-att-1811\"><img loading=\"lazy\" decoding=\"async\" class=\"size-full wp-image-1811\" src=\"https:\/\/blogs.correiobraziliense.com.br\/lianasabo\/wp-content\/uploads\/sites\/25\/2017\/11\/CBNFOT151120172163.jpg\" alt=\"15\/11\/2017. Cr\u00e9dito: Rodrigo Nunes\/Divulga\u00e7\u00e3o. Brasil. Bras\u00edlia - DF. Gastronomia. Festival Bar em Bar 2017. Prato do Le Bar.\" width=\"800\" height=\"600\" srcset=\"https:\/\/blogs.correiobraziliense.com.br\/lianasabo\/wp-content\/uploads\/sites\/25\/2017\/11\/CBNFOT151120172163.jpg 800w, https:\/\/blogs.correiobraziliense.com.br\/lianasabo\/wp-content\/uploads\/sites\/25\/2017\/11\/CBNFOT151120172163-300x225.jpg 300w, https:\/\/blogs.correiobraziliense.com.br\/lianasabo\/wp-content\/uploads\/sites\/25\/2017\/11\/CBNFOT151120172163-768x576.jpg 768w, https:\/\/blogs.correiobraziliense.com.br\/lianasabo\/wp-content\/uploads\/sites\/25\/2017\/11\/CBNFOT151120172163-550x413.jpg 550w, https:\/\/blogs.correiobraziliense.com.br\/lianasabo\/wp-content\/uploads\/sites\/25\/2017\/11\/CBNFOT151120172163-230x173.jpg 230w\" sizes=\"auto, (max-width: 800px) 100vw, 800px\" \/><\/a><figcaption id=\"caption-attachment-1811\" class=\"wp-caption-text\">15\/11\/2017. Cr\u00e9dito: Rodrigo Nunes\/Divulga\u00e7\u00e3o. Brasil. Bras\u00edlia &#8211; DF. Gastronomia. Festival Bar em Bar 2017. Prato do Le Bar.<\/figcaption><\/figure>\n<p>Do mar, como os pescados do ceviche e o espetinho de camar\u00e3o; da granja, como filezinhos e asinhas de frango; do cerrado, como o risoto do pequi; do rebanho su\u00edno, como a costelinha, a pancetta e a lingui\u00e7a \u2014 h\u00e1 uma enorme criatividade nas sugest\u00f5es apresentadas. Cada bar teve a liberdade de criar seu pr\u00f3prio petisco com ingredientes quase todos produzidos na cidade.<\/p>\n<h2>Respeito \u00e0 vizinhan\u00e7a<\/h2>\n<figure id=\"attachment_1809\" aria-describedby=\"caption-attachment-1809\" style=\"width: 800px\" class=\"wp-caption aligncenter\"><a href=\"https:\/\/blogs.correiobraziliense.com.br\/lianasabo\/wp-content\/uploads\/sites\/25\/2017\/11\/CBNFOT151120172140.jpg\" rel=\"attachment wp-att-1809\"><img loading=\"lazy\" decoding=\"async\" class=\"size-full wp-image-1809\" src=\"https:\/\/blogs.correiobraziliense.com.br\/lianasabo\/wp-content\/uploads\/sites\/25\/2017\/11\/CBNFOT151120172140.jpg\" alt=\"15\/11\/2017. Cr\u00e9dito: Rafael Lobo\/Zoltar Design\/Divulga\u00e7\u00e3o. Brasil. Bras\u00edlia - DF. Gastronomia. Festival Bar em Bar 2017. Prato do Caf\u00e9 Savana.\" width=\"800\" height=\"533\" srcset=\"https:\/\/blogs.correiobraziliense.com.br\/lianasabo\/wp-content\/uploads\/sites\/25\/2017\/11\/CBNFOT151120172140.jpg 800w, https:\/\/blogs.correiobraziliense.com.br\/lianasabo\/wp-content\/uploads\/sites\/25\/2017\/11\/CBNFOT151120172140-300x200.jpg 300w, https:\/\/blogs.correiobraziliense.com.br\/lianasabo\/wp-content\/uploads\/sites\/25\/2017\/11\/CBNFOT151120172140-768x512.jpg 768w, https:\/\/blogs.correiobraziliense.com.br\/lianasabo\/wp-content\/uploads\/sites\/25\/2017\/11\/CBNFOT151120172140-550x366.jpg 550w, https:\/\/blogs.correiobraziliense.com.br\/lianasabo\/wp-content\/uploads\/sites\/25\/2017\/11\/CBNFOT151120172140-230x153.jpg 230w\" sizes=\"auto, (max-width: 800px) 100vw, 800px\" \/><\/a><figcaption id=\"caption-attachment-1809\" class=\"wp-caption-text\">15\/11\/2017. Cr\u00e9dito: Rafael Lobo\/Zoltar Design\/Divulga\u00e7\u00e3o. Brasil. Bras\u00edlia &#8211; DF. Gastronomia. Festival Bar em Bar 2017. Prato do Caf\u00e9 Savana.<\/figcaption><\/figure>\n<p>\u201cNesta edi\u00e7\u00e3o, queremos colocar em pauta a necessidade de uni\u00e3o entre comerciantes, artistas e moradores para trazer m\u00fasica e vida aos bares e restaurantes da cidade, tudo isso unido a uma campanha de conscientiza\u00e7\u00e3o dos clientes para que seja poss\u00edvel se divertir sem incomodar o pr\u00f3ximo\u201d, acentua o empres\u00e1rio Rodrigo Freire, presidente da Abrasel-DF, promotora do festival que vai at\u00e9 o dia 3 de dezembro.<br \/>\nO Bar em Bar conta com apoio do Sindhobar, do Sebrae, da Secretaria de Esporte, Turismo e Lazer e do Correio Braziliense, que oferece uma a\u00e7\u00e3o promocional. Os membros do Clube do Assinante do Correio Braziliense ter\u00e3o 20% de desconto no valor do petisco, mediante apresenta\u00e7\u00e3o do cart\u00e3o do clube de vantagens.<\/p>\n<h2>Conhe\u00e7a os melhores<\/h2>\n<figure id=\"attachment_1810\" aria-describedby=\"caption-attachment-1810\" style=\"width: 800px\" class=\"wp-caption aligncenter\"><a href=\"https:\/\/blogs.correiobraziliense.com.br\/lianasabo\/wp-content\/uploads\/sites\/25\/2017\/11\/CBNFOT151120172143.jpg\" rel=\"attachment wp-att-1810\"><img loading=\"lazy\" decoding=\"async\" class=\"size-full wp-image-1810\" src=\"https:\/\/blogs.correiobraziliense.com.br\/lianasabo\/wp-content\/uploads\/sites\/25\/2017\/11\/CBNFOT151120172143.jpg\" alt=\"15\/11\/2017. Cr\u00e9dito: Rafael Lobo\/Zoltar Design\/Divulga\u00e7\u00e3o. Brasil. Bras\u00edlia - DF. Gastronomia. Festival Bar em Bar 2017. Prato do Cru.\" width=\"800\" height=\"533\" srcset=\"https:\/\/blogs.correiobraziliense.com.br\/lianasabo\/wp-content\/uploads\/sites\/25\/2017\/11\/CBNFOT151120172143.jpg 800w, https:\/\/blogs.correiobraziliense.com.br\/lianasabo\/wp-content\/uploads\/sites\/25\/2017\/11\/CBNFOT151120172143-300x200.jpg 300w, https:\/\/blogs.correiobraziliense.com.br\/lianasabo\/wp-content\/uploads\/sites\/25\/2017\/11\/CBNFOT151120172143-768x512.jpg 768w, https:\/\/blogs.correiobraziliense.com.br\/lianasabo\/wp-content\/uploads\/sites\/25\/2017\/11\/CBNFOT151120172143-550x366.jpg 550w, https:\/\/blogs.correiobraziliense.com.br\/lianasabo\/wp-content\/uploads\/sites\/25\/2017\/11\/CBNFOT151120172143-230x153.jpg 230w\" sizes=\"auto, (max-width: 800px) 100vw, 800px\" \/><\/a><figcaption id=\"caption-attachment-1810\" class=\"wp-caption-text\">15\/11\/2017. Cr\u00e9dito: Rafael Lobo\/Zoltar Design\/Divulga\u00e7\u00e3o. Brasil. Bras\u00edlia &#8211; DF. Gastronomia. Festival Bar em Bar 2017. Prato do Cru.<\/figcaption><\/figure>\n<p>Durante o per\u00edodo do festival, ser\u00e1 promovido o concurso Os melhores do Bar em Bar. Patrocinadores, jornalistas, parceiros e formadores de opini\u00e3o s\u00e3o convidados a visitarem as casas participantes e avaliarem o bar ou restaurante em sete categorias: melhor ambiente, melhor atendimento, melhor gar\u00e7om, melhor petisco, melhor chope ou cerveja mais gelada, melhor barman e melhor drinque. Ap\u00f3s 3 de dezembro os vencedores de cada categoria ser\u00e3o conhecidos.<br \/>\nEscolha onde comer no site www.barembar.com.br.<\/p>\n","protected":false},"excerpt":{"rendered":"<p>J\u00e1 est\u00e1 em curso, desde quinta-feira, 16 de novembro, a 11\u00aa edi\u00e7\u00e3o do Bar em Bar, que re\u00fane este ano 31 estabelecimentos no Distrito Federal sob o tema \u201cO festival que celebra as melhores conex\u00f5es\u201d. Pelo quarto ano consecutivo, a programa\u00e7\u00e3o mant\u00e9m o mesmo valor do petisco: R$ 30. S\u00e3o receitas elaboradas exclusivamente para o certame e podem servir de [&hellip;]<\/p>\n","protected":false},"author":54,"featured_media":1808,"comment_status":"open","ping_status":"open","sticky":false,"template":"","format":"standard","meta":{"footnotes":""},"categories":[1],"tags":[],"class_list":["post-1807","post","type-post","status-publish","format-standard","has-post-thumbnail","hentry","category-sem-categoria"],"_links":{"self":[{"href":"https:\/\/blogs.correiobraziliense.com.br\/lianasabo\/wp-json\/wp\/v2\/posts\/1807","targetHints":{"allow":["GET"]}}],"collection":[{"href":"https:\/\/blogs.correiobraziliense.com.br\/lianasabo\/wp-json\/wp\/v2\/posts"}],"about":[{"href":"https:\/\/blogs.correiobraziliense.com.br\/lianasabo\/wp-json\/wp\/v2\/types\/post"}],"author":[{"embeddable":true,"href":"https:\/\/blogs.correiobraziliense.com.br\/lianasabo\/wp-json\/wp\/v2\/users\/54"}],"replies":[{"embeddable":true,"href":"https:\/\/blogs.correiobraziliense.com.br\/lianasabo\/wp-json\/wp\/v2\/comments?post=1807"}],"version-history":[{"count":1,"href":"https:\/\/blogs.correiobraziliense.com.br\/lianasabo\/wp-json\/wp\/v2\/posts\/1807\/revisions"}],"predecessor-version":[{"id":1812,"href":"https:\/\/blogs.correiobraziliense.com.br\/lianasabo\/wp-json\/wp\/v2\/posts\/1807\/revisions\/1812"}],"wp:featuredmedia":[{"embeddable":true,"href":"https:\/\/blogs.correiobraziliense.com.br\/lianasabo\/wp-json\/wp\/v2\/media\/1808"}],"wp:attachment":[{"href":"https:\/\/blogs.correiobraziliense.com.br\/lianasabo\/wp-json\/wp\/v2\/media?parent=1807"}],"wp:term":[{"taxonomy":"category","embeddable":true,"href":"https:\/\/blogs.correiobraziliense.com.br\/lianasabo\/wp-json\/wp\/v2\/categories?post=1807"},{"taxonomy":"post_tag","embeddable":true,"href":"https:\/\/blogs.correiobraziliense.com.br\/lianasabo\/wp-json\/wp\/v2\/tags?post=1807"}],"curies":[{"name":"wp","href":"https:\/\/api.w.org\/{rel}","templated":true}]}}