{"id":1798,"date":"2017-11-11T15:11:40","date_gmt":"2017-11-11T17:11:40","guid":{"rendered":"https:\/\/blogs.correiobraziliense.com.br\/lianasabo\/?p=1798"},"modified":"2017-11-11T15:11:40","modified_gmt":"2017-11-11T17:11:40","slug":"decoracao-de-natal-do-shopping-iguatemi-encanta-adultos-e-criancas","status":"publish","type":"post","link":"https:\/\/blogs.correiobraziliense.com.br\/lianasabo\/decoracao-de-natal-do-shopping-iguatemi-encanta-adultos-e-criancas\/","title":{"rendered":"Decora\u00e7\u00e3o de Natal do Shopping Iguatemi encanta adultos e crian\u00e7as"},"content":{"rendered":"<p>O Shopping Iguatemi inaugura neste fim de semana uma decora\u00e7\u00e3o in\u00e9dita, assinada por Cecilia Dale, a maior marca de ornamenta\u00e7\u00e3o natalina de S\u00e3o Paulo. Trata-se da Vila Escolar dos Ursos Peraltas, com dezenas de animaizinhos de pel\u00facia nas mais diversas situa\u00e7\u00f5es: da obriga\u00e7\u00e3o \u00e0 divers\u00e3o.<\/p>\n<p>As crian\u00e7as poder\u00e3o ver os ursinhos sentados em suas carteiras de escola com livros e cadernos, enquanto o professor urso faz que ensina. A proposta do centro comercial \u00e9 permitir que clientes realizem suas compras em um \u00fanico lugar, enquanto atividades especiais para crian\u00e7as s\u00e3o garantidas. \u201cTodas as nossas a\u00e7\u00f5es t\u00eam como princ\u00edpio encantar e aproximar nossos clientes do esp\u00edrito natalino\u201d, resume Alexandre Biancamano, diretor de marketing da Iguatemi Empresa de Shopping Centers.<\/p>\n<p>No per\u00edodo de 17 a 23 de novembro estar\u00e1 em curso a Black Friday, quando o empreendimento espera atrair 10% a mais de p\u00fablico. S\u00e3o mais de 160 lojas\u00a0de diferentes setores, como vestu\u00e1rio, cal\u00e7ados, eletr\u00f4nicos, infantis, com destaques para moda e gastronomia.<\/p>\n<p><a href=\"https:\/\/youtu.be\/m0me2Ew9bKo\">https:\/\/youtu.be\/m0me2Ew9bKo<\/a><\/p>\n<p>&nbsp;<\/p>\n<p>&nbsp;<\/p>\n","protected":false},"excerpt":{"rendered":"<p>O Shopping Iguatemi inaugura neste fim de semana uma decora\u00e7\u00e3o in\u00e9dita, assinada por Cecilia Dale, a maior marca de ornamenta\u00e7\u00e3o natalina de S\u00e3o Paulo. Trata-se da Vila Escolar dos Ursos Peraltas, com dezenas de animaizinhos de pel\u00facia nas mais diversas situa\u00e7\u00f5es: da obriga\u00e7\u00e3o \u00e0 divers\u00e3o. As crian\u00e7as poder\u00e3o ver os ursinhos sentados em suas carteiras de escola com livros e [&hellip;]<\/p>\n","protected":false},"author":54,"featured_media":1799,"comment_status":"open","ping_status":"open","sticky":false,"template":"","format":"standard","meta":{"footnotes":""},"categories":[1],"tags":[],"class_list":["post-1798","post","type-post","status-publish","format-standard","has-post-thumbnail","hentry","category-sem-categoria"],"_links":{"self":[{"href":"https:\/\/blogs.correiobraziliense.com.br\/lianasabo\/wp-json\/wp\/v2\/posts\/1798","targetHints":{"allow":["GET"]}}],"collection":[{"href":"https:\/\/blogs.correiobraziliense.com.br\/lianasabo\/wp-json\/wp\/v2\/posts"}],"about":[{"href":"https:\/\/blogs.correiobraziliense.com.br\/lianasabo\/wp-json\/wp\/v2\/types\/post"}],"author":[{"embeddable":true,"href":"https:\/\/blogs.correiobraziliense.com.br\/lianasabo\/wp-json\/wp\/v2\/users\/54"}],"replies":[{"embeddable":true,"href":"https:\/\/blogs.correiobraziliense.com.br\/lianasabo\/wp-json\/wp\/v2\/comments?post=1798"}],"version-history":[{"count":1,"href":"https:\/\/blogs.correiobraziliense.com.br\/lianasabo\/wp-json\/wp\/v2\/posts\/1798\/revisions"}],"predecessor-version":[{"id":1800,"href":"https:\/\/blogs.correiobraziliense.com.br\/lianasabo\/wp-json\/wp\/v2\/posts\/1798\/revisions\/1800"}],"wp:featuredmedia":[{"embeddable":true,"href":"https:\/\/blogs.correiobraziliense.com.br\/lianasabo\/wp-json\/wp\/v2\/media\/1799"}],"wp:attachment":[{"href":"https:\/\/blogs.correiobraziliense.com.br\/lianasabo\/wp-json\/wp\/v2\/media?parent=1798"}],"wp:term":[{"taxonomy":"category","embeddable":true,"href":"https:\/\/blogs.correiobraziliense.com.br\/lianasabo\/wp-json\/wp\/v2\/categories?post=1798"},{"taxonomy":"post_tag","embeddable":true,"href":"https:\/\/blogs.correiobraziliense.com.br\/lianasabo\/wp-json\/wp\/v2\/tags?post=1798"}],"curies":[{"name":"wp","href":"https:\/\/api.w.org\/{rel}","templated":true}]}}