{"id":1795,"date":"2017-11-09T17:51:14","date_gmt":"2017-11-09T19:51:14","guid":{"rendered":"https:\/\/blogs.correiobraziliense.com.br\/lianasabo\/?p=1795"},"modified":"2017-11-09T17:51:14","modified_gmt":"2017-11-09T19:51:14","slug":"black-friday-chega-as-garrafas-de-vinho","status":"publish","type":"post","link":"https:\/\/blogs.correiobraziliense.com.br\/lianasabo\/black-friday-chega-as-garrafas-de-vinho\/","title":{"rendered":"Black Friday chega \u00e0s garrafas de vinho"},"content":{"rendered":"<p>Guto Jabour, fundador do GB Vinhos, aderiu \u00e0 black friday e promove nos dias 17 e 18, a partir das 9h, no Bras\u00edlia Moton\u00e1utica Clube, venda de cerca de 80 r\u00f3tulos que poder\u00e3o receber de 20% at\u00e9 50% de desconto em rela\u00e7\u00e3o ao pre\u00e7o original do e-commerce. Entre os vinhos mais atraentes est\u00e3o os portugueses Flor das Tecedeiras, do Douro e Flor d&#8217; Nelas, do D\u00e3o, o argentino Finca la Colonia, o chileno Gran Hacienda e o espumante franc\u00eas Veuve Ambal, do Languedoc, que ser\u00e1 oferecido pela metade do pre\u00e7o, R$ 27, avisa Guto.<\/p>\n","protected":false},"excerpt":{"rendered":"<p>Guto Jabour, fundador do GB Vinhos, aderiu \u00e0 black friday e promove nos dias 17 e 18, a partir das 9h, no Bras\u00edlia Moton\u00e1utica Clube, venda de cerca de 80 r\u00f3tulos que poder\u00e3o receber de 20% at\u00e9 50% de desconto em rela\u00e7\u00e3o ao pre\u00e7o original do e-commerce. Entre os vinhos mais atraentes est\u00e3o os portugueses Flor das Tecedeiras, do Douro [&hellip;]<\/p>\n","protected":false},"author":54,"featured_media":1796,"comment_status":"open","ping_status":"open","sticky":false,"template":"","format":"standard","meta":{"footnotes":""},"categories":[1],"tags":[],"class_list":["post-1795","post","type-post","status-publish","format-standard","has-post-thumbnail","hentry","category-sem-categoria"],"_links":{"self":[{"href":"https:\/\/blogs.correiobraziliense.com.br\/lianasabo\/wp-json\/wp\/v2\/posts\/1795","targetHints":{"allow":["GET"]}}],"collection":[{"href":"https:\/\/blogs.correiobraziliense.com.br\/lianasabo\/wp-json\/wp\/v2\/posts"}],"about":[{"href":"https:\/\/blogs.correiobraziliense.com.br\/lianasabo\/wp-json\/wp\/v2\/types\/post"}],"author":[{"embeddable":true,"href":"https:\/\/blogs.correiobraziliense.com.br\/lianasabo\/wp-json\/wp\/v2\/users\/54"}],"replies":[{"embeddable":true,"href":"https:\/\/blogs.correiobraziliense.com.br\/lianasabo\/wp-json\/wp\/v2\/comments?post=1795"}],"version-history":[{"count":1,"href":"https:\/\/blogs.correiobraziliense.com.br\/lianasabo\/wp-json\/wp\/v2\/posts\/1795\/revisions"}],"predecessor-version":[{"id":1797,"href":"https:\/\/blogs.correiobraziliense.com.br\/lianasabo\/wp-json\/wp\/v2\/posts\/1795\/revisions\/1797"}],"wp:featuredmedia":[{"embeddable":true,"href":"https:\/\/blogs.correiobraziliense.com.br\/lianasabo\/wp-json\/wp\/v2\/media\/1796"}],"wp:attachment":[{"href":"https:\/\/blogs.correiobraziliense.com.br\/lianasabo\/wp-json\/wp\/v2\/media?parent=1795"}],"wp:term":[{"taxonomy":"category","embeddable":true,"href":"https:\/\/blogs.correiobraziliense.com.br\/lianasabo\/wp-json\/wp\/v2\/categories?post=1795"},{"taxonomy":"post_tag","embeddable":true,"href":"https:\/\/blogs.correiobraziliense.com.br\/lianasabo\/wp-json\/wp\/v2\/tags?post=1795"}],"curies":[{"name":"wp","href":"https:\/\/api.w.org\/{rel}","templated":true}]}}