{"id":1771,"date":"2017-11-03T08:30:24","date_gmt":"2017-11-03T10:30:24","guid":{"rendered":"https:\/\/blogs.correiobraziliense.com.br\/lianasabo\/?p=1771"},"modified":"2017-11-02T15:21:37","modified_gmt":"2017-11-02T17:21:37","slug":"vinho-entra-na-onda-da-black-friday","status":"publish","type":"post","link":"https:\/\/blogs.correiobraziliense.com.br\/lianasabo\/vinho-entra-na-onda-da-black-friday\/","title":{"rendered":"Vinho entra na onda da Black Friday"},"content":{"rendered":"<p>Na onda da black friday, importadores e lojas da cidade t\u00eam tomado carona promovendo eventos de compra e degusta\u00e7\u00e3o de vinhos com pre\u00e7os rebaixados. Wine Friday \u00e9 um deles. Nele estar\u00e3o dispon\u00edveis 350 r\u00f3tulos que poder\u00e3o ser degustados e adquiridos com desconto de at\u00e9 30% nos dias 23 e 24 no Espa\u00e7o Patr\u00edcia Buffet \u2014 Assefe.<br \/>\nQuinze pa\u00edses \u2014\u00a0 entre eles Fran\u00e7a, It\u00e1lia, Austr\u00e1lia, Brasil, Marrocos, Israel e Alemanha \u2014\u00a0 estar\u00e3o representados, sendo os destaques da feira os italianos Pio Cesare (tinto) e Ferrari (espumante), o portugu\u00eas Quinta do Vallado, o argentino Luigi Bosca, o franc\u00eas Domaine Perrin, o uruguaio Garz\u00f3n e o espanhol Luis Ca\u00f1as, entre outros. Mais informa\u00e7\u00f5es pelos telefones: 3526-6168 e 3349-1943.<\/p>\n","protected":false},"excerpt":{"rendered":"<p>Na onda da black friday, importadores e lojas da cidade t\u00eam tomado carona promovendo eventos de compra e degusta\u00e7\u00e3o de vinhos com pre\u00e7os rebaixados. Wine Friday \u00e9 um deles. Nele estar\u00e3o dispon\u00edveis 350 r\u00f3tulos que poder\u00e3o ser degustados e adquiridos com desconto de at\u00e9 30% nos dias 23 e 24 no Espa\u00e7o Patr\u00edcia Buffet \u2014 Assefe. Quinze pa\u00edses \u2014\u00a0 entre [&hellip;]<\/p>\n","protected":false},"author":54,"featured_media":0,"comment_status":"open","ping_status":"open","sticky":false,"template":"","format":"standard","meta":{"footnotes":""},"categories":[1],"tags":[],"class_list":["post-1771","post","type-post","status-publish","format-standard","hentry","category-sem-categoria"],"_links":{"self":[{"href":"https:\/\/blogs.correiobraziliense.com.br\/lianasabo\/wp-json\/wp\/v2\/posts\/1771","targetHints":{"allow":["GET"]}}],"collection":[{"href":"https:\/\/blogs.correiobraziliense.com.br\/lianasabo\/wp-json\/wp\/v2\/posts"}],"about":[{"href":"https:\/\/blogs.correiobraziliense.com.br\/lianasabo\/wp-json\/wp\/v2\/types\/post"}],"author":[{"embeddable":true,"href":"https:\/\/blogs.correiobraziliense.com.br\/lianasabo\/wp-json\/wp\/v2\/users\/54"}],"replies":[{"embeddable":true,"href":"https:\/\/blogs.correiobraziliense.com.br\/lianasabo\/wp-json\/wp\/v2\/comments?post=1771"}],"version-history":[{"count":1,"href":"https:\/\/blogs.correiobraziliense.com.br\/lianasabo\/wp-json\/wp\/v2\/posts\/1771\/revisions"}],"predecessor-version":[{"id":1772,"href":"https:\/\/blogs.correiobraziliense.com.br\/lianasabo\/wp-json\/wp\/v2\/posts\/1771\/revisions\/1772"}],"wp:attachment":[{"href":"https:\/\/blogs.correiobraziliense.com.br\/lianasabo\/wp-json\/wp\/v2\/media?parent=1771"}],"wp:term":[{"taxonomy":"category","embeddable":true,"href":"https:\/\/blogs.correiobraziliense.com.br\/lianasabo\/wp-json\/wp\/v2\/categories?post=1771"},{"taxonomy":"post_tag","embeddable":true,"href":"https:\/\/blogs.correiobraziliense.com.br\/lianasabo\/wp-json\/wp\/v2\/tags?post=1771"}],"curies":[{"name":"wp","href":"https:\/\/api.w.org\/{rel}","templated":true}]}}