{"id":1750,"date":"2017-10-27T12:00:15","date_gmt":"2017-10-27T14:00:15","guid":{"rendered":"https:\/\/blogs.correiobraziliense.com.br\/lianasabo\/?p=1750"},"modified":"2017-10-26T16:17:52","modified_gmt":"2017-10-26T18:17:52","slug":"confira-festivais-que-movimentam-cidade","status":"publish","type":"post","link":"https:\/\/blogs.correiobraziliense.com.br\/lianasabo\/confira-festivais-que-movimentam-cidade\/","title":{"rendered":"Confira festivais que movimentam a cidade!"},"content":{"rendered":"<p>Panela pra c\u00e1, panela pra l\u00e1! O voc\u00e1bulo, que me fez lembrar o refr\u00e3o do samba-\u00edcone de Adoniran Barbosa, denomina duas iniciativas gastron\u00f4micas na cidade. A primeira, Panelas da Casa, confraria fundada em 2014, busca valorizar a criatividade de chefs que este m\u00eas confeccionam burgers. Doze estabelecimentos participam do festival \u2014 vai at\u00e9 domingo \u2014, com sandu\u00edches que podem ser de carne (R$ 32) ou vegetariano (R$ 26). Apoia a cerveja Colombina vendida a R$ 18,90. Veja a lista dos participantes no facebook.<br \/>\nA outra panela \u00e9 a Candanga, projeto de valoriza\u00e7\u00e3o e divulga\u00e7\u00e3o de produtos do cerrado. Tem nos chefs Gil Guimar\u00e3es (Baco), Mara Alcamim (Universal) e Francisco Ansiliero (Dom Francisco) os idealizadores. Os tr\u00eas estiveram essa semana em S\u00e3o Paulo, no evento Mesa Tend\u00eancias, apresentando a ideia. Participam ainda os chefs Lui Veronese (Sallva) e Nilson Favacho (Oliver).<\/p>\n<p>Festival<\/p>\n<figure id=\"attachment_1752\" aria-describedby=\"caption-attachment-1752\" style=\"width: 800px\" class=\"wp-caption aligncenter\"><a href=\"https:\/\/blogs.correiobraziliense.com.br\/lianasabo\/wp-content\/uploads\/sites\/25\/2017\/10\/CBNFOT241020170840.jpg\" rel=\"attachment wp-att-1752\"><img loading=\"lazy\" decoding=\"async\" class=\"size-full wp-image-1752\" src=\"https:\/\/blogs.correiobraziliense.com.br\/lianasabo\/wp-content\/uploads\/sites\/25\/2017\/10\/CBNFOT241020170840.jpg\" alt=\"Cr\u00e9ditos: Mayara Senize\/Divulga\u00e7\u00e3o. Cajuzinho do cerrado.\" width=\"800\" height=\"533\" srcset=\"https:\/\/blogs.correiobraziliense.com.br\/lianasabo\/wp-content\/uploads\/sites\/25\/2017\/10\/CBNFOT241020170840.jpg 800w, https:\/\/blogs.correiobraziliense.com.br\/lianasabo\/wp-content\/uploads\/sites\/25\/2017\/10\/CBNFOT241020170840-300x200.jpg 300w, https:\/\/blogs.correiobraziliense.com.br\/lianasabo\/wp-content\/uploads\/sites\/25\/2017\/10\/CBNFOT241020170840-768x512.jpg 768w, https:\/\/blogs.correiobraziliense.com.br\/lianasabo\/wp-content\/uploads\/sites\/25\/2017\/10\/CBNFOT241020170840-550x366.jpg 550w, https:\/\/blogs.correiobraziliense.com.br\/lianasabo\/wp-content\/uploads\/sites\/25\/2017\/10\/CBNFOT241020170840-230x153.jpg 230w\" sizes=\"auto, (max-width: 800px) 100vw, 800px\" \/><\/a><figcaption id=\"caption-attachment-1752\" class=\"wp-caption-text\">Cr\u00e9ditos: Mayara Senize\/Divulga\u00e7\u00e3o. Cajuzinho do cerrado.<\/figcaption><\/figure>\n<p>Baru, pequi, caju, cagaita, maracuj\u00e1, pimenta-macaco, queijos, embutidos, geleias fazem parte do projeto que cataloga produtos do bioma, nativos ou produzidos aqui. \u201cA inten\u00e7\u00e3o \u00e9 que essa plataforma possa ser consultada e enriquecida pelos usu\u00e1rios por meio de novas sugest\u00f5es a serem pesquisadas.\u201d<br \/>\nComo parte do lan\u00e7amento do Panela Candanga, os cinco restaurantes que abra\u00e7aram a ideia promovem um festival gastron\u00f4mico com pratos nos quais s\u00e3o usados os ingredientes do cerrado. O pre\u00e7o varia entre R$ 30 e R$ 49. Na Baco, a pizza \u00e9 servida \u00e0 noite e no Universal, carne de lata, farofa e lingui\u00e7a caseira s\u00f3 no almo\u00e7o. Os demais no almo\u00e7o e jantar. Veja os card\u00e1pios no site www.panelacandanga.com.br<\/p>\n","protected":false},"excerpt":{"rendered":"<p>Panela pra c\u00e1, panela pra l\u00e1! O voc\u00e1bulo, que me fez lembrar o refr\u00e3o do samba-\u00edcone de Adoniran Barbosa, denomina duas iniciativas gastron\u00f4micas na cidade. A primeira, Panelas da Casa, confraria fundada em 2014, busca valorizar a criatividade de chefs que este m\u00eas confeccionam burgers. Doze estabelecimentos participam do festival \u2014 vai at\u00e9 domingo \u2014, com sandu\u00edches que podem ser [&hellip;]<\/p>\n","protected":false},"author":54,"featured_media":1751,"comment_status":"open","ping_status":"open","sticky":false,"template":"","format":"standard","meta":{"footnotes":""},"categories":[1],"tags":[],"class_list":["post-1750","post","type-post","status-publish","format-standard","has-post-thumbnail","hentry","category-sem-categoria"],"_links":{"self":[{"href":"https:\/\/blogs.correiobraziliense.com.br\/lianasabo\/wp-json\/wp\/v2\/posts\/1750","targetHints":{"allow":["GET"]}}],"collection":[{"href":"https:\/\/blogs.correiobraziliense.com.br\/lianasabo\/wp-json\/wp\/v2\/posts"}],"about":[{"href":"https:\/\/blogs.correiobraziliense.com.br\/lianasabo\/wp-json\/wp\/v2\/types\/post"}],"author":[{"embeddable":true,"href":"https:\/\/blogs.correiobraziliense.com.br\/lianasabo\/wp-json\/wp\/v2\/users\/54"}],"replies":[{"embeddable":true,"href":"https:\/\/blogs.correiobraziliense.com.br\/lianasabo\/wp-json\/wp\/v2\/comments?post=1750"}],"version-history":[{"count":1,"href":"https:\/\/blogs.correiobraziliense.com.br\/lianasabo\/wp-json\/wp\/v2\/posts\/1750\/revisions"}],"predecessor-version":[{"id":1753,"href":"https:\/\/blogs.correiobraziliense.com.br\/lianasabo\/wp-json\/wp\/v2\/posts\/1750\/revisions\/1753"}],"wp:featuredmedia":[{"embeddable":true,"href":"https:\/\/blogs.correiobraziliense.com.br\/lianasabo\/wp-json\/wp\/v2\/media\/1751"}],"wp:attachment":[{"href":"https:\/\/blogs.correiobraziliense.com.br\/lianasabo\/wp-json\/wp\/v2\/media?parent=1750"}],"wp:term":[{"taxonomy":"category","embeddable":true,"href":"https:\/\/blogs.correiobraziliense.com.br\/lianasabo\/wp-json\/wp\/v2\/categories?post=1750"},{"taxonomy":"post_tag","embeddable":true,"href":"https:\/\/blogs.correiobraziliense.com.br\/lianasabo\/wp-json\/wp\/v2\/tags?post=1750"}],"curies":[{"name":"wp","href":"https:\/\/api.w.org\/{rel}","templated":true}]}}