{"id":1668,"date":"2017-09-22T14:00:34","date_gmt":"2017-09-22T17:00:34","guid":{"rendered":"https:\/\/blogs.correiobraziliense.com.br\/lianasabo\/?p=1668"},"modified":"2017-09-21T16:09:24","modified_gmt":"2017-09-21T19:09:24","slug":"conheca-roteiros-para-aliar-turismo-e-gastronomia-pelo-mundo","status":"publish","type":"post","link":"https:\/\/blogs.correiobraziliense.com.br\/lianasabo\/conheca-roteiros-para-aliar-turismo-e-gastronomia-pelo-mundo\/","title":{"rendered":"Conhe\u00e7a roteiros para aliar turismo e gastronomia pelo mundo"},"content":{"rendered":"<p>O brasiliense vem procurando cada vez mais viagens para lugares, cuja atra\u00e7\u00e3o al\u00e9m do turismo propriamente dito, s\u00e3o sabores especiais em restaurantes famosos tocados por chefs renomados. A coluna garimpou tr\u00eas roteiros distintos para voc\u00ea se deliciar: It\u00e1lia, Alemanha e Jap\u00e3o.<br \/>\nA viagem \u00e0 It\u00e1lia se realiza entre 11 e 23 de outubro, com in\u00edcio em Roma e fim em Mil\u00e3o. Inclui territ\u00f3rios e vinhos como Barolo, no Piemonte; Amarone Della Valpolicella, no Veneto; Brunello di Montalcino, na Toscana; al\u00e9m de visita a uma vin\u00edcola na Lombardia e \u00e0s cantinas Ferrari em Trento. No roteiro h\u00e1 uma demonstra\u00e7\u00e3o da ca\u00e7a \u00e0s trufas e visita \u00e0 Eurochocolate de Perugia. Mais informa\u00e7\u00f5es com Antonello Monardo, que acompanha o grupo. Telefone: 99971-7349.<br \/>\nCom dura\u00e7\u00e3o de 12 noites, sair\u00e1 dia 25 de outubro um cruzeiro da Avalon Waterways, intitulado Descoberta do Dan\u00fabio, que inclui parada em Regensburg para conhecer a hist\u00f3rica taberna considerada o ber\u00e7o do fast food mais antigo do mundo que mantinha permanentemente acesa a grelha a carv\u00e3o para cozinhar chucrute e assar salsichas caseiras. Informa\u00e7\u00f5es adicionais pelo email contato@avalon.tur.br.<br \/>\nOrganizada pelo chef Simon Lau em colabora\u00e7\u00e3o com Viana Turismo, a viagem ao Jap\u00e3o ser\u00e1 de 7 a 14 de dezembro. No roteiro, o famoso mercado de peixe Tsukiji, em T\u00f3quio, degusta\u00e7\u00f5es de saqu\u00ea, de ch\u00e1, do macarr\u00e3o soba, do leg\u00edtimo Kobe beef e visita aos mais famosos restaurantes, inclusive da refinada cozinha kaiseki. Mais informa\u00e7\u00f5es: 3248-2419.<\/p>\n","protected":false},"excerpt":{"rendered":"<p>O brasiliense vem procurando cada vez mais viagens para lugares, cuja atra\u00e7\u00e3o al\u00e9m do turismo propriamente dito, s\u00e3o sabores especiais em restaurantes famosos tocados por chefs renomados. A coluna garimpou tr\u00eas roteiros distintos para voc\u00ea se deliciar: It\u00e1lia, Alemanha e Jap\u00e3o. A viagem \u00e0 It\u00e1lia se realiza entre 11 e 23 de outubro, com in\u00edcio em Roma e fim em [&hellip;]<\/p>\n","protected":false},"author":54,"featured_media":1669,"comment_status":"open","ping_status":"open","sticky":false,"template":"","format":"standard","meta":{"footnotes":""},"categories":[1],"tags":[],"class_list":["post-1668","post","type-post","status-publish","format-standard","has-post-thumbnail","hentry","category-sem-categoria"],"_links":{"self":[{"href":"https:\/\/blogs.correiobraziliense.com.br\/lianasabo\/wp-json\/wp\/v2\/posts\/1668","targetHints":{"allow":["GET"]}}],"collection":[{"href":"https:\/\/blogs.correiobraziliense.com.br\/lianasabo\/wp-json\/wp\/v2\/posts"}],"about":[{"href":"https:\/\/blogs.correiobraziliense.com.br\/lianasabo\/wp-json\/wp\/v2\/types\/post"}],"author":[{"embeddable":true,"href":"https:\/\/blogs.correiobraziliense.com.br\/lianasabo\/wp-json\/wp\/v2\/users\/54"}],"replies":[{"embeddable":true,"href":"https:\/\/blogs.correiobraziliense.com.br\/lianasabo\/wp-json\/wp\/v2\/comments?post=1668"}],"version-history":[{"count":1,"href":"https:\/\/blogs.correiobraziliense.com.br\/lianasabo\/wp-json\/wp\/v2\/posts\/1668\/revisions"}],"predecessor-version":[{"id":1670,"href":"https:\/\/blogs.correiobraziliense.com.br\/lianasabo\/wp-json\/wp\/v2\/posts\/1668\/revisions\/1670"}],"wp:featuredmedia":[{"embeddable":true,"href":"https:\/\/blogs.correiobraziliense.com.br\/lianasabo\/wp-json\/wp\/v2\/media\/1669"}],"wp:attachment":[{"href":"https:\/\/blogs.correiobraziliense.com.br\/lianasabo\/wp-json\/wp\/v2\/media?parent=1668"}],"wp:term":[{"taxonomy":"category","embeddable":true,"href":"https:\/\/blogs.correiobraziliense.com.br\/lianasabo\/wp-json\/wp\/v2\/categories?post=1668"},{"taxonomy":"post_tag","embeddable":true,"href":"https:\/\/blogs.correiobraziliense.com.br\/lianasabo\/wp-json\/wp\/v2\/tags?post=1668"}],"curies":[{"name":"wp","href":"https:\/\/api.w.org\/{rel}","templated":true}]}}