{"id":1625,"date":"2017-09-08T16:40:14","date_gmt":"2017-09-08T19:40:14","guid":{"rendered":"https:\/\/blogs.correiobraziliense.com.br\/lianasabo\/?p=1625"},"modified":"2017-09-07T12:43:15","modified_gmt":"2017-09-07T15:43:15","slug":"kubitschek-plaza-hotel-recebe","status":"publish","type":"post","link":"https:\/\/blogs.correiobraziliense.com.br\/lianasabo\/kubitschek-plaza-hotel-recebe\/","title":{"rendered":"Kubitschek Plaza Hotel recebe etapa do concurso O melhor sommelier do Brasil,"},"content":{"rendered":"<p>O Kubitschek Plaza Hotel vai ser sede ter\u00e7a-feira (dia do anivers\u00e1rio de JK), a partir das 16h30, de uma etapa do concurso O melhor sommelier do Brasil, que apontar\u00e1 o novo embaixador dos vinhos do Alentejo, regi\u00e3o vitivin\u00edcola ao sul de Portugal, cujo segundo principal mercado importador \u00e9 o brasileiro com 3,6 milh\u00f5es de garrafas por ano.<br \/>\nOs concorrentes disputar\u00e3o a prova com vinhos alentejanos culminando em um teste escrito. Promovido pela Comiss\u00e3o Vitivin\u00edcola Regional Alentejana (CVRA), o circuito contempla ainda S\u00e3o Paulo, Curitiba, Recife e Rio de Janeiro. Em cada etapa dois finalistas ser\u00e3o premiados com uma viagem a Portugal. Inscri\u00e7\u00f5es pelo site http:\/\/cadastro.vinhosdoalentejo.pt<\/p>\n","protected":false},"excerpt":{"rendered":"<p>O Kubitschek Plaza Hotel vai ser sede ter\u00e7a-feira (dia do anivers\u00e1rio de JK), a partir das 16h30, de uma etapa do concurso O melhor sommelier do Brasil, que apontar\u00e1 o novo embaixador dos vinhos do Alentejo, regi\u00e3o vitivin\u00edcola ao sul de Portugal, cujo segundo principal mercado importador \u00e9 o brasileiro com 3,6 milh\u00f5es de garrafas por ano. Os concorrentes disputar\u00e3o [&hellip;]<\/p>\n","protected":false},"author":54,"featured_media":0,"comment_status":"open","ping_status":"open","sticky":false,"template":"","format":"standard","meta":{"footnotes":""},"categories":[1],"tags":[],"class_list":["post-1625","post","type-post","status-publish","format-standard","hentry","category-sem-categoria"],"_links":{"self":[{"href":"https:\/\/blogs.correiobraziliense.com.br\/lianasabo\/wp-json\/wp\/v2\/posts\/1625","targetHints":{"allow":["GET"]}}],"collection":[{"href":"https:\/\/blogs.correiobraziliense.com.br\/lianasabo\/wp-json\/wp\/v2\/posts"}],"about":[{"href":"https:\/\/blogs.correiobraziliense.com.br\/lianasabo\/wp-json\/wp\/v2\/types\/post"}],"author":[{"embeddable":true,"href":"https:\/\/blogs.correiobraziliense.com.br\/lianasabo\/wp-json\/wp\/v2\/users\/54"}],"replies":[{"embeddable":true,"href":"https:\/\/blogs.correiobraziliense.com.br\/lianasabo\/wp-json\/wp\/v2\/comments?post=1625"}],"version-history":[{"count":1,"href":"https:\/\/blogs.correiobraziliense.com.br\/lianasabo\/wp-json\/wp\/v2\/posts\/1625\/revisions"}],"predecessor-version":[{"id":1626,"href":"https:\/\/blogs.correiobraziliense.com.br\/lianasabo\/wp-json\/wp\/v2\/posts\/1625\/revisions\/1626"}],"wp:attachment":[{"href":"https:\/\/blogs.correiobraziliense.com.br\/lianasabo\/wp-json\/wp\/v2\/media?parent=1625"}],"wp:term":[{"taxonomy":"category","embeddable":true,"href":"https:\/\/blogs.correiobraziliense.com.br\/lianasabo\/wp-json\/wp\/v2\/categories?post=1625"},{"taxonomy":"post_tag","embeddable":true,"href":"https:\/\/blogs.correiobraziliense.com.br\/lianasabo\/wp-json\/wp\/v2\/tags?post=1625"}],"curies":[{"name":"wp","href":"https:\/\/api.w.org\/{rel}","templated":true}]}}