{"id":1621,"date":"2017-09-08T15:00:16","date_gmt":"2017-09-08T18:00:16","guid":{"rendered":"https:\/\/blogs.correiobraziliense.com.br\/lianasabo\/?p=1621"},"modified":"2017-09-07T12:39:49","modified_gmt":"2017-09-07T15:39:49","slug":"duas-aulas-para-voce-aprender-sobre-gastronomia-em-setembro","status":"publish","type":"post","link":"https:\/\/blogs.correiobraziliense.com.br\/lianasabo\/duas-aulas-para-voce-aprender-sobre-gastronomia-em-setembro\/","title":{"rendered":"Duas aulas para voc\u00ea aprender sobre gastronomia em setembro"},"content":{"rendered":"<p>1. Agora voc\u00ea tamb\u00e9m poder\u00e1 fazer aqueles doces deliciosos sem gl\u00faten e sem l\u00e1cteos oferecidos na Quitutices, aberta h\u00e1 mais de um ano na 216 Sul. Atendendo a pedidos, a chef p\u00e2tissi\u00e8re Inai\u00e1 Sant`Ana inicia ter\u00e7a-feira minicursos em sua pr\u00f3pria cozinha para uma turma restrita de quatro alunos a cada aula. Na pauta, p\u00e3es, tortas, bolos de festa, lanches e sobremesas, sempre no hor\u00e1rio das 19h30 \u00e0s 22h, ao custo de R$ 290, por aula. Inscri\u00e7\u00f5es: 3543-5057.<a href=\"https:\/\/blogs.correiobraziliense.com.br\/lianasabo\/wp-content\/uploads\/sites\/25\/2017\/09\/quitutices.jpg\" rel=\"attachment wp-att-1623\"><img loading=\"lazy\" decoding=\"async\" class=\"aligncenter size-full wp-image-1623\" src=\"https:\/\/blogs.correiobraziliense.com.br\/lianasabo\/wp-content\/uploads\/sites\/25\/2017\/09\/quitutices.jpg\" alt=\"quitutices\" width=\"1200\" height=\"811\" srcset=\"https:\/\/blogs.correiobraziliense.com.br\/lianasabo\/wp-content\/uploads\/sites\/25\/2017\/09\/quitutices.jpg 1200w, https:\/\/blogs.correiobraziliense.com.br\/lianasabo\/wp-content\/uploads\/sites\/25\/2017\/09\/quitutices-300x203.jpg 300w, https:\/\/blogs.correiobraziliense.com.br\/lianasabo\/wp-content\/uploads\/sites\/25\/2017\/09\/quitutices-768x519.jpg 768w, https:\/\/blogs.correiobraziliense.com.br\/lianasabo\/wp-content\/uploads\/sites\/25\/2017\/09\/quitutices-1024x692.jpg 1024w, https:\/\/blogs.correiobraziliense.com.br\/lianasabo\/wp-content\/uploads\/sites\/25\/2017\/09\/quitutices-550x372.jpg 550w, https:\/\/blogs.correiobraziliense.com.br\/lianasabo\/wp-content\/uploads\/sites\/25\/2017\/09\/quitutices-230x155.jpg 230w\" sizes=\"auto, (max-width: 1200px) 100vw, 1200px\" \/><\/a><\/p>\n<p>2. Na outra ponta da alta gastronomia, como molhos diversos, ervas e temperos acontece o curso Cozinhando com Francisco \u2013 t\u00e9cnicas e receitas de sucesso. Ser\u00e3o cinco aulas, sempre \u00e0s segundas-feiras at\u00e9 o dia 9 de outubro, das 19h30 \u00e0s 23h30, no restaurante da Asbac. Na primeira, o chef Francisco Ansiliero ensinar\u00e1 o b\u00e1sico e nas aulas seguintes quem escolhe os pratos ser\u00e3o os alunos dentro do menu da casa, ancorado em bacalhau, carnes e aves. Sai por R$ 1.200, com direito ao avental. Inscri\u00e7\u00f5es: 3224-8429.<\/p>\n","protected":false},"excerpt":{"rendered":"<p>1. Agora voc\u00ea tamb\u00e9m poder\u00e1 fazer aqueles doces deliciosos sem gl\u00faten e sem l\u00e1cteos oferecidos na Quitutices, aberta h\u00e1 mais de um ano na 216 Sul. Atendendo a pedidos, a chef p\u00e2tissi\u00e8re Inai\u00e1 Sant`Ana inicia ter\u00e7a-feira minicursos em sua pr\u00f3pria cozinha para uma turma restrita de quatro alunos a cada aula. Na pauta, p\u00e3es, tortas, bolos de festa, lanches e [&hellip;]<\/p>\n","protected":false},"author":54,"featured_media":1622,"comment_status":"open","ping_status":"open","sticky":false,"template":"","format":"standard","meta":{"footnotes":""},"categories":[1],"tags":[],"class_list":["post-1621","post","type-post","status-publish","format-standard","has-post-thumbnail","hentry","category-sem-categoria"],"_links":{"self":[{"href":"https:\/\/blogs.correiobraziliense.com.br\/lianasabo\/wp-json\/wp\/v2\/posts\/1621","targetHints":{"allow":["GET"]}}],"collection":[{"href":"https:\/\/blogs.correiobraziliense.com.br\/lianasabo\/wp-json\/wp\/v2\/posts"}],"about":[{"href":"https:\/\/blogs.correiobraziliense.com.br\/lianasabo\/wp-json\/wp\/v2\/types\/post"}],"author":[{"embeddable":true,"href":"https:\/\/blogs.correiobraziliense.com.br\/lianasabo\/wp-json\/wp\/v2\/users\/54"}],"replies":[{"embeddable":true,"href":"https:\/\/blogs.correiobraziliense.com.br\/lianasabo\/wp-json\/wp\/v2\/comments?post=1621"}],"version-history":[{"count":1,"href":"https:\/\/blogs.correiobraziliense.com.br\/lianasabo\/wp-json\/wp\/v2\/posts\/1621\/revisions"}],"predecessor-version":[{"id":1624,"href":"https:\/\/blogs.correiobraziliense.com.br\/lianasabo\/wp-json\/wp\/v2\/posts\/1621\/revisions\/1624"}],"wp:featuredmedia":[{"embeddable":true,"href":"https:\/\/blogs.correiobraziliense.com.br\/lianasabo\/wp-json\/wp\/v2\/media\/1622"}],"wp:attachment":[{"href":"https:\/\/blogs.correiobraziliense.com.br\/lianasabo\/wp-json\/wp\/v2\/media?parent=1621"}],"wp:term":[{"taxonomy":"category","embeddable":true,"href":"https:\/\/blogs.correiobraziliense.com.br\/lianasabo\/wp-json\/wp\/v2\/categories?post=1621"},{"taxonomy":"post_tag","embeddable":true,"href":"https:\/\/blogs.correiobraziliense.com.br\/lianasabo\/wp-json\/wp\/v2\/tags?post=1621"}],"curies":[{"name":"wp","href":"https:\/\/api.w.org\/{rel}","templated":true}]}}