{"id":1607,"date":"2017-09-04T10:00:20","date_gmt":"2017-09-04T13:00:20","guid":{"rendered":"https:\/\/blogs.correiobraziliense.com.br\/lianasabo\/?p=1607"},"modified":"2017-08-31T18:03:22","modified_gmt":"2017-08-31T21:03:22","slug":"inscricoes-abertas-para-degustar-vinho","status":"publish","type":"post","link":"https:\/\/blogs.correiobraziliense.com.br\/lianasabo\/inscricoes-abertas-para-degustar-vinho\/","title":{"rendered":"Inscri\u00e7\u00f5es abertas para degustar vinho"},"content":{"rendered":"<p>As vagas s\u00e3o limitadas, mas voc\u00ea tamb\u00e9m pode participar da Avalia\u00e7\u00e3o Nacional de Vinhos, maior degusta\u00e7\u00e3o da bebida de uma mesma safra do mundo, que ocorre h\u00e1 um quarto de s\u00e9culo em Bento Gon\u00e7alves, na Serra Ga\u00facha.<\/p>\n<p>A 25\u00aa edi\u00e7\u00e3o ser\u00e1 realizada no s\u00e1bado, 23 de setembro, e j\u00e1 tem classificados 16 vinhos entre os 30% representativos da safra 2017. Este ano, a mostra superou os n\u00fameros das quatro \u00faltimas edi\u00e7\u00f5es, alcan\u00e7ando 327 amostras de 59 vin\u00edcolas. Os vinhos foram avaliados \u00e0s cegas por um grupo de mais de 118 en\u00f3logos brasileiros.<br \/>\nPara participar da experi\u00eancia, que leva o degustador a mergulhar no universo dos vinhos brasileiros, inscri\u00e7\u00f5es est\u00e3o abertas no site da Associa\u00e7\u00e3o Brasileira de Enologia (ABE), entidade promotora do evento. <em>www.enologia.org.br<\/em> A participa\u00e7\u00e3o implica no investimento de R$ 250 para o associado e n\u00e3o associados pagam R$ 310.<\/p>\n","protected":false},"excerpt":{"rendered":"<p>As vagas s\u00e3o limitadas, mas voc\u00ea tamb\u00e9m pode participar da Avalia\u00e7\u00e3o Nacional de Vinhos, maior degusta\u00e7\u00e3o da bebida de uma mesma safra do mundo, que ocorre h\u00e1 um quarto de s\u00e9culo em Bento Gon\u00e7alves, na Serra Ga\u00facha. A 25\u00aa edi\u00e7\u00e3o ser\u00e1 realizada no s\u00e1bado, 23 de setembro, e j\u00e1 tem classificados 16 vinhos entre os 30% representativos da safra 2017. [&hellip;]<\/p>\n","protected":false},"author":54,"featured_media":0,"comment_status":"open","ping_status":"open","sticky":false,"template":"","format":"standard","meta":{"footnotes":""},"categories":[1],"tags":[],"class_list":["post-1607","post","type-post","status-publish","format-standard","hentry","category-sem-categoria"],"_links":{"self":[{"href":"https:\/\/blogs.correiobraziliense.com.br\/lianasabo\/wp-json\/wp\/v2\/posts\/1607","targetHints":{"allow":["GET"]}}],"collection":[{"href":"https:\/\/blogs.correiobraziliense.com.br\/lianasabo\/wp-json\/wp\/v2\/posts"}],"about":[{"href":"https:\/\/blogs.correiobraziliense.com.br\/lianasabo\/wp-json\/wp\/v2\/types\/post"}],"author":[{"embeddable":true,"href":"https:\/\/blogs.correiobraziliense.com.br\/lianasabo\/wp-json\/wp\/v2\/users\/54"}],"replies":[{"embeddable":true,"href":"https:\/\/blogs.correiobraziliense.com.br\/lianasabo\/wp-json\/wp\/v2\/comments?post=1607"}],"version-history":[{"count":1,"href":"https:\/\/blogs.correiobraziliense.com.br\/lianasabo\/wp-json\/wp\/v2\/posts\/1607\/revisions"}],"predecessor-version":[{"id":1608,"href":"https:\/\/blogs.correiobraziliense.com.br\/lianasabo\/wp-json\/wp\/v2\/posts\/1607\/revisions\/1608"}],"wp:attachment":[{"href":"https:\/\/blogs.correiobraziliense.com.br\/lianasabo\/wp-json\/wp\/v2\/media?parent=1607"}],"wp:term":[{"taxonomy":"category","embeddable":true,"href":"https:\/\/blogs.correiobraziliense.com.br\/lianasabo\/wp-json\/wp\/v2\/categories?post=1607"},{"taxonomy":"post_tag","embeddable":true,"href":"https:\/\/blogs.correiobraziliense.com.br\/lianasabo\/wp-json\/wp\/v2\/tags?post=1607"}],"curies":[{"name":"wp","href":"https:\/\/api.w.org\/{rel}","templated":true}]}}